{"id":90,"date":"2021-07-01T05:25:00","date_gmt":"2021-07-01T03:25:00","guid":{"rendered":"https:\/\/myjeedhome.ovh\/?p=90"},"modified":"2022-01-24T07:01:12","modified_gmt":"2022-01-24T06:01:12","slug":"la-peintre-le-sait-elle","status":"publish","type":"post","link":"https:\/\/jean-claude-bourdet.fr\/index.php\/2021\/07\/01\/la-peintre-le-sait-elle\/","title":{"rendered":"La peintre le sait-elle?"},"content":{"rendered":"\n<p>Film tourn\u00e9 \u00e0 l&rsquo;occasion du March\u00e9 de la po\u00e9sie des Chartrons \u00e0 Bordeaux en Mars 2021. Rencontre entre l&rsquo;auteur du livre et la peintre (Sylvie Basteau) \u00e0 son atelier.<\/p>\n\n\n\n<p>La peintre le sait-elle? , Jean-Claude Bourdet, collection \u00ab\u00a0les plaquette, Editions A L&rsquo;Index, 2021<\/p>\n\n\n\n<figure class=\"wp-block-embed is-type-video is-provider-youtube wp-block-embed-youtube wp-embed-aspect-16-9 wp-has-aspect-ratio\"><div class=\"wp-block-embed__wrapper\">\n<iframe title=\"La peintre le sait-elle ?\" width=\"800\" height=\"450\" src=\"https:\/\/www.youtube.com\/embed\/Zl6lhZ0yBdE?feature=oembed\" frameborder=\"0\" allow=\"accelerometer; autoplay; clipboard-write; encrypted-media; gyroscope; picture-in-picture\" allowfullscreen><\/iframe>\n<\/div><\/figure>\n","protected":false},"excerpt":{"rendered":"<p>Film tourn\u00e9 \u00e0 l&rsquo;occasion du March\u00e9 de la po\u00e9sie des Chartrons \u00e0 Bordeaux en Mars 2021. Rencontre entre l&rsquo;auteur du livre et la peintre (Sylvie Basteau) \u00e0 son atelier. La peintre le sait-elle? , Jean-Claude Bourdet, collection \u00ab\u00a0les plaquette, Editions A L&rsquo;Index, 2021<\/p>\n","protected":false},"author":4,"featured_media":224,"comment_status":"open","ping_status":"open","sticky":false,"template":"","format":"standard","meta":{"_acf_changed":false,"footnotes":""},"categories":[9],"tags":[],"class_list":["post-90","post","type-post","status-publish","format-standard","has-post-thumbnail","hentry","category-liens"],"acf":[],"yoast_head":"<!-- This site is optimized with the Yoast SEO plugin v27.5 - https:\/\/yoast.com\/product\/yoast-seo-wordpress\/ -->\n<title>La peintre le sait-elle? - Jean-Claude Bourdet<\/title>\n<meta name=\"robots\" content=\"index, follow, max-snippet:-1, max-image-preview:large, max-video-preview:-1\" \/>\n<link rel=\"canonical\" href=\"https:\/\/jean-claude-bourdet.fr\/index.php\/2021\/07\/01\/la-peintre-le-sait-elle\/\" \/>\n<meta property=\"og:locale\" content=\"fr_FR\" \/>\n<meta property=\"og:type\" content=\"article\" \/>\n<meta property=\"og:title\" content=\"La peintre le sait-elle? - Jean-Claude Bourdet\" \/>\n<meta property=\"og:description\" content=\"Film tourn\u00e9 \u00e0 l&rsquo;occasion du March\u00e9 de la po\u00e9sie des Chartrons \u00e0 Bordeaux en Mars 2021. Rencontre entre l&rsquo;auteur du livre et la peintre (Sylvie Basteau) \u00e0 son atelier. La peintre le sait-elle? , Jean-Claude Bourdet, collection \u00ab\u00a0les plaquette, Editions A L&rsquo;Index, 2021\" \/>\n<meta property=\"og:url\" content=\"https:\/\/jean-claude-bourdet.fr\/index.php\/2021\/07\/01\/la-peintre-le-sait-elle\/\" \/>\n<meta property=\"og:site_name\" content=\"Jean-Claude Bourdet\" \/>\n<meta property=\"article:published_time\" content=\"2021-07-01T03:25:00+00:00\" \/>\n<meta property=\"article:modified_time\" content=\"2022-01-24T06:01:12+00:00\" \/>\n<meta property=\"og:image\" content=\"https:\/\/jean-claude-bourdet.fr\/wp-content\/uploads\/2021\/11\/photo-de-sylvie-dans-l-atelier-sept-2014_5.jpg\" \/>\n\t<meta property=\"og:image:width\" content=\"512\" \/>\n\t<meta property=\"og:image:height\" content=\"379\" \/>\n\t<meta property=\"og:image:type\" content=\"image\/jpeg\" \/>\n<meta name=\"author\" content=\"Jonathan Bouanani\" \/>\n<meta name=\"twitter:card\" content=\"summary_large_image\" \/>\n<meta name=\"twitter:label1\" content=\"\u00c9crit par\" \/>\n\t<meta name=\"twitter:data1\" content=\"Jonathan Bouanani\" \/>\n<script type=\"application\/ld+json\" class=\"yoast-schema-graph\">{\"@context\":\"https:\\\/\\\/schema.org\",\"@graph\":[{\"@type\":\"Article\",\"@id\":\"https:\\\/\\\/jean-claude-bourdet.fr\\\/index.php\\\/2021\\\/07\\\/01\\\/la-peintre-le-sait-elle\\\/#article\",\"isPartOf\":{\"@id\":\"https:\\\/\\\/jean-claude-bourdet.fr\\\/index.php\\\/2021\\\/07\\\/01\\\/la-peintre-le-sait-elle\\\/\"},\"author\":{\"name\":\"Jonathan Bouanani\",\"@id\":\"https:\\\/\\\/jean-claude-bourdet.fr\\\/#\\\/schema\\\/person\\\/636f44823ad44c33dcb0fd9f0dc3ff02\"},\"headline\":\"La peintre le sait-elle?\",\"datePublished\":\"2021-07-01T03:25:00+00:00\",\"dateModified\":\"2022-01-24T06:01:12+00:00\",\"mainEntityOfPage\":{\"@id\":\"https:\\\/\\\/jean-claude-bourdet.fr\\\/index.php\\\/2021\\\/07\\\/01\\\/la-peintre-le-sait-elle\\\/\"},\"wordCount\":51,\"commentCount\":0,\"publisher\":{\"@id\":\"https:\\\/\\\/jean-claude-bourdet.fr\\\/#\\\/schema\\\/person\\\/11164af92a68e466bbab7ed7d84f29bf\"},\"image\":{\"@id\":\"https:\\\/\\\/jean-claude-bourdet.fr\\\/index.php\\\/2021\\\/07\\\/01\\\/la-peintre-le-sait-elle\\\/#primaryimage\"},\"thumbnailUrl\":\"https:\\\/\\\/jean-claude-bourdet.fr\\\/wp-content\\\/uploads\\\/2021\\\/11\\\/photo-de-sylvie-dans-l-atelier-sept-2014_5.jpg\",\"articleSection\":[\"Liens\"],\"inLanguage\":\"fr-FR\",\"potentialAction\":[{\"@type\":\"CommentAction\",\"name\":\"Comment\",\"target\":[\"https:\\\/\\\/jean-claude-bourdet.fr\\\/index.php\\\/2021\\\/07\\\/01\\\/la-peintre-le-sait-elle\\\/#respond\"]}]},{\"@type\":\"WebPage\",\"@id\":\"https:\\\/\\\/jean-claude-bourdet.fr\\\/index.php\\\/2021\\\/07\\\/01\\\/la-peintre-le-sait-elle\\\/\",\"url\":\"https:\\\/\\\/jean-claude-bourdet.fr\\\/index.php\\\/2021\\\/07\\\/01\\\/la-peintre-le-sait-elle\\\/\",\"name\":\"La peintre le sait-elle? - Jean-Claude Bourdet\",\"isPartOf\":{\"@id\":\"https:\\\/\\\/jean-claude-bourdet.fr\\\/#website\"},\"primaryImageOfPage\":{\"@id\":\"https:\\\/\\\/jean-claude-bourdet.fr\\\/index.php\\\/2021\\\/07\\\/01\\\/la-peintre-le-sait-elle\\\/#primaryimage\"},\"image\":{\"@id\":\"https:\\\/\\\/jean-claude-bourdet.fr\\\/index.php\\\/2021\\\/07\\\/01\\\/la-peintre-le-sait-elle\\\/#primaryimage\"},\"thumbnailUrl\":\"https:\\\/\\\/jean-claude-bourdet.fr\\\/wp-content\\\/uploads\\\/2021\\\/11\\\/photo-de-sylvie-dans-l-atelier-sept-2014_5.jpg\",\"datePublished\":\"2021-07-01T03:25:00+00:00\",\"dateModified\":\"2022-01-24T06:01:12+00:00\",\"breadcrumb\":{\"@id\":\"https:\\\/\\\/jean-claude-bourdet.fr\\\/index.php\\\/2021\\\/07\\\/01\\\/la-peintre-le-sait-elle\\\/#breadcrumb\"},\"inLanguage\":\"fr-FR\",\"potentialAction\":[{\"@type\":\"ReadAction\",\"target\":[\"https:\\\/\\\/jean-claude-bourdet.fr\\\/index.php\\\/2021\\\/07\\\/01\\\/la-peintre-le-sait-elle\\\/\"]}]},{\"@type\":\"ImageObject\",\"inLanguage\":\"fr-FR\",\"@id\":\"https:\\\/\\\/jean-claude-bourdet.fr\\\/index.php\\\/2021\\\/07\\\/01\\\/la-peintre-le-sait-elle\\\/#primaryimage\",\"url\":\"https:\\\/\\\/jean-claude-bourdet.fr\\\/wp-content\\\/uploads\\\/2021\\\/11\\\/photo-de-sylvie-dans-l-atelier-sept-2014_5.jpg\",\"contentUrl\":\"https:\\\/\\\/jean-claude-bourdet.fr\\\/wp-content\\\/uploads\\\/2021\\\/11\\\/photo-de-sylvie-dans-l-atelier-sept-2014_5.jpg\",\"width\":512,\"height\":379},{\"@type\":\"BreadcrumbList\",\"@id\":\"https:\\\/\\\/jean-claude-bourdet.fr\\\/index.php\\\/2021\\\/07\\\/01\\\/la-peintre-le-sait-elle\\\/#breadcrumb\",\"itemListElement\":[{\"@type\":\"ListItem\",\"position\":1,\"name\":\"Accueil\",\"item\":\"https:\\\/\\\/jean-claude-bourdet.fr\\\/\"},{\"@type\":\"ListItem\",\"position\":2,\"name\":\"La peintre le sait-elle?\"}]},{\"@type\":\"WebSite\",\"@id\":\"https:\\\/\\\/jean-claude-bourdet.fr\\\/#website\",\"url\":\"https:\\\/\\\/jean-claude-bourdet.fr\\\/\",\"name\":\"Jean-Claude Bourdet\",\"description\":\"Site d&#039;humeur, de go\u00fbt, de plaisir d&#039;\u00e9crire de lire et de partager\",\"publisher\":{\"@id\":\"https:\\\/\\\/jean-claude-bourdet.fr\\\/#\\\/schema\\\/person\\\/11164af92a68e466bbab7ed7d84f29bf\"},\"alternateName\":\"Jean-Claude Bourdet auteur\",\"potentialAction\":[{\"@type\":\"SearchAction\",\"target\":{\"@type\":\"EntryPoint\",\"urlTemplate\":\"https:\\\/\\\/jean-claude-bourdet.fr\\\/?s={search_term_string}\"},\"query-input\":{\"@type\":\"PropertyValueSpecification\",\"valueRequired\":true,\"valueName\":\"search_term_string\"}}],\"inLanguage\":\"fr-FR\"},{\"@type\":[\"Person\",\"Organization\"],\"@id\":\"https:\\\/\\\/jean-claude-bourdet.fr\\\/#\\\/schema\\\/person\\\/11164af92a68e466bbab7ed7d84f29bf\",\"name\":\"Jean-Claude Bourdet\",\"image\":{\"@type\":\"ImageObject\",\"inLanguage\":\"fr-FR\",\"@id\":\"https:\\\/\\\/jean-claude-bourdet.fr\\\/wp-content\\\/uploads\\\/2022\\\/06\\\/capture-video-1.png\",\"url\":\"https:\\\/\\\/jean-claude-bourdet.fr\\\/wp-content\\\/uploads\\\/2022\\\/06\\\/capture-video-1.png\",\"contentUrl\":\"https:\\\/\\\/jean-claude-bourdet.fr\\\/wp-content\\\/uploads\\\/2022\\\/06\\\/capture-video-1.png\",\"width\":835,\"height\":468,\"caption\":\"Jean-Claude Bourdet\"},\"logo\":{\"@id\":\"https:\\\/\\\/jean-claude-bourdet.fr\\\/wp-content\\\/uploads\\\/2022\\\/06\\\/capture-video-1.png\"}},{\"@type\":\"Person\",\"@id\":\"https:\\\/\\\/jean-claude-bourdet.fr\\\/#\\\/schema\\\/person\\\/636f44823ad44c33dcb0fd9f0dc3ff02\",\"name\":\"Jonathan Bouanani\",\"image\":{\"@type\":\"ImageObject\",\"inLanguage\":\"fr-FR\",\"@id\":\"https:\\\/\\\/secure.gravatar.com\\\/avatar\\\/c691c485d8129525cdfa6062c0da59f3d7589639f536ba8550c1730bba833175?s=96&d=mm&r=g\",\"url\":\"https:\\\/\\\/secure.gravatar.com\\\/avatar\\\/c691c485d8129525cdfa6062c0da59f3d7589639f536ba8550c1730bba833175?s=96&d=mm&r=g\",\"contentUrl\":\"https:\\\/\\\/secure.gravatar.com\\\/avatar\\\/c691c485d8129525cdfa6062c0da59f3d7589639f536ba8550c1730bba833175?s=96&d=mm&r=g\",\"caption\":\"Jonathan Bouanani\"},\"sameAs\":[\"https:\\\/\\\/www.euclide-informatique.fr\"],\"url\":\"https:\\\/\\\/jean-claude-bourdet.fr\\\/index.php\\\/author\\\/jonathan\\\/\"}]}<\/script>\n<!-- \/ Yoast SEO plugin. -->","yoast_head_json":{"title":"La peintre le sait-elle? - Jean-Claude Bourdet","robots":{"index":"index","follow":"follow","max-snippet":"max-snippet:-1","max-image-preview":"max-image-preview:large","max-video-preview":"max-video-preview:-1"},"canonical":"https:\/\/jean-claude-bourdet.fr\/index.php\/2021\/07\/01\/la-peintre-le-sait-elle\/","og_locale":"fr_FR","og_type":"article","og_title":"La peintre le sait-elle? - Jean-Claude Bourdet","og_description":"Film tourn\u00e9 \u00e0 l&rsquo;occasion du March\u00e9 de la po\u00e9sie des Chartrons \u00e0 Bordeaux en Mars 2021. Rencontre entre l&rsquo;auteur du livre et la peintre (Sylvie Basteau) \u00e0 son atelier. La peintre le sait-elle? , Jean-Claude Bourdet, collection \u00ab\u00a0les plaquette, Editions A L&rsquo;Index, 2021","og_url":"https:\/\/jean-claude-bourdet.fr\/index.php\/2021\/07\/01\/la-peintre-le-sait-elle\/","og_site_name":"Jean-Claude Bourdet","article_published_time":"2021-07-01T03:25:00+00:00","article_modified_time":"2022-01-24T06:01:12+00:00","og_image":[{"width":512,"height":379,"url":"https:\/\/jean-claude-bourdet.fr\/wp-content\/uploads\/2021\/11\/photo-de-sylvie-dans-l-atelier-sept-2014_5.jpg","type":"image\/jpeg"}],"author":"Jonathan Bouanani","twitter_card":"summary_large_image","twitter_misc":{"\u00c9crit par":"Jonathan Bouanani"},"schema":{"@context":"https:\/\/schema.org","@graph":[{"@type":"Article","@id":"https:\/\/jean-claude-bourdet.fr\/index.php\/2021\/07\/01\/la-peintre-le-sait-elle\/#article","isPartOf":{"@id":"https:\/\/jean-claude-bourdet.fr\/index.php\/2021\/07\/01\/la-peintre-le-sait-elle\/"},"author":{"name":"Jonathan Bouanani","@id":"https:\/\/jean-claude-bourdet.fr\/#\/schema\/person\/636f44823ad44c33dcb0fd9f0dc3ff02"},"headline":"La peintre le sait-elle?","datePublished":"2021-07-01T03:25:00+00:00","dateModified":"2022-01-24T06:01:12+00:00","mainEntityOfPage":{"@id":"https:\/\/jean-claude-bourdet.fr\/index.php\/2021\/07\/01\/la-peintre-le-sait-elle\/"},"wordCount":51,"commentCount":0,"publisher":{"@id":"https:\/\/jean-claude-bourdet.fr\/#\/schema\/person\/11164af92a68e466bbab7ed7d84f29bf"},"image":{"@id":"https:\/\/jean-claude-bourdet.fr\/index.php\/2021\/07\/01\/la-peintre-le-sait-elle\/#primaryimage"},"thumbnailUrl":"https:\/\/jean-claude-bourdet.fr\/wp-content\/uploads\/2021\/11\/photo-de-sylvie-dans-l-atelier-sept-2014_5.jpg","articleSection":["Liens"],"inLanguage":"fr-FR","potentialAction":[{"@type":"CommentAction","name":"Comment","target":["https:\/\/jean-claude-bourdet.fr\/index.php\/2021\/07\/01\/la-peintre-le-sait-elle\/#respond"]}]},{"@type":"WebPage","@id":"https:\/\/jean-claude-bourdet.fr\/index.php\/2021\/07\/01\/la-peintre-le-sait-elle\/","url":"https:\/\/jean-claude-bourdet.fr\/index.php\/2021\/07\/01\/la-peintre-le-sait-elle\/","name":"La peintre le sait-elle? - Jean-Claude Bourdet","isPartOf":{"@id":"https:\/\/jean-claude-bourdet.fr\/#website"},"primaryImageOfPage":{"@id":"https:\/\/jean-claude-bourdet.fr\/index.php\/2021\/07\/01\/la-peintre-le-sait-elle\/#primaryimage"},"image":{"@id":"https:\/\/jean-claude-bourdet.fr\/index.php\/2021\/07\/01\/la-peintre-le-sait-elle\/#primaryimage"},"thumbnailUrl":"https:\/\/jean-claude-bourdet.fr\/wp-content\/uploads\/2021\/11\/photo-de-sylvie-dans-l-atelier-sept-2014_5.jpg","datePublished":"2021-07-01T03:25:00+00:00","dateModified":"2022-01-24T06:01:12+00:00","breadcrumb":{"@id":"https:\/\/jean-claude-bourdet.fr\/index.php\/2021\/07\/01\/la-peintre-le-sait-elle\/#breadcrumb"},"inLanguage":"fr-FR","potentialAction":[{"@type":"ReadAction","target":["https:\/\/jean-claude-bourdet.fr\/index.php\/2021\/07\/01\/la-peintre-le-sait-elle\/"]}]},{"@type":"ImageObject","inLanguage":"fr-FR","@id":"https:\/\/jean-claude-bourdet.fr\/index.php\/2021\/07\/01\/la-peintre-le-sait-elle\/#primaryimage","url":"https:\/\/jean-claude-bourdet.fr\/wp-content\/uploads\/2021\/11\/photo-de-sylvie-dans-l-atelier-sept-2014_5.jpg","contentUrl":"https:\/\/jean-claude-bourdet.fr\/wp-content\/uploads\/2021\/11\/photo-de-sylvie-dans-l-atelier-sept-2014_5.jpg","width":512,"height":379},{"@type":"BreadcrumbList","@id":"https:\/\/jean-claude-bourdet.fr\/index.php\/2021\/07\/01\/la-peintre-le-sait-elle\/#breadcrumb","itemListElement":[{"@type":"ListItem","position":1,"name":"Accueil","item":"https:\/\/jean-claude-bourdet.fr\/"},{"@type":"ListItem","position":2,"name":"La peintre le sait-elle?"}]},{"@type":"WebSite","@id":"https:\/\/jean-claude-bourdet.fr\/#website","url":"https:\/\/jean-claude-bourdet.fr\/","name":"Jean-Claude Bourdet","description":"Site d&#039;humeur, de go\u00fbt, de plaisir d&#039;\u00e9crire de lire et de partager","publisher":{"@id":"https:\/\/jean-claude-bourdet.fr\/#\/schema\/person\/11164af92a68e466bbab7ed7d84f29bf"},"alternateName":"Jean-Claude Bourdet auteur","potentialAction":[{"@type":"SearchAction","target":{"@type":"EntryPoint","urlTemplate":"https:\/\/jean-claude-bourdet.fr\/?s={search_term_string}"},"query-input":{"@type":"PropertyValueSpecification","valueRequired":true,"valueName":"search_term_string"}}],"inLanguage":"fr-FR"},{"@type":["Person","Organization"],"@id":"https:\/\/jean-claude-bourdet.fr\/#\/schema\/person\/11164af92a68e466bbab7ed7d84f29bf","name":"Jean-Claude Bourdet","image":{"@type":"ImageObject","inLanguage":"fr-FR","@id":"https:\/\/jean-claude-bourdet.fr\/wp-content\/uploads\/2022\/06\/capture-video-1.png","url":"https:\/\/jean-claude-bourdet.fr\/wp-content\/uploads\/2022\/06\/capture-video-1.png","contentUrl":"https:\/\/jean-claude-bourdet.fr\/wp-content\/uploads\/2022\/06\/capture-video-1.png","width":835,"height":468,"caption":"Jean-Claude Bourdet"},"logo":{"@id":"https:\/\/jean-claude-bourdet.fr\/wp-content\/uploads\/2022\/06\/capture-video-1.png"}},{"@type":"Person","@id":"https:\/\/jean-claude-bourdet.fr\/#\/schema\/person\/636f44823ad44c33dcb0fd9f0dc3ff02","name":"Jonathan Bouanani","image":{"@type":"ImageObject","inLanguage":"fr-FR","@id":"https:\/\/secure.gravatar.com\/avatar\/c691c485d8129525cdfa6062c0da59f3d7589639f536ba8550c1730bba833175?s=96&d=mm&r=g","url":"https:\/\/secure.gravatar.com\/avatar\/c691c485d8129525cdfa6062c0da59f3d7589639f536ba8550c1730bba833175?s=96&d=mm&r=g","contentUrl":"https:\/\/secure.gravatar.com\/avatar\/c691c485d8129525cdfa6062c0da59f3d7589639f536ba8550c1730bba833175?s=96&d=mm&r=g","caption":"Jonathan Bouanani"},"sameAs":["https:\/\/www.euclide-informatique.fr"],"url":"https:\/\/jean-claude-bourdet.fr\/index.php\/author\/jonathan\/"}]}},"_links":{"self":[{"href":"https:\/\/jean-claude-bourdet.fr\/index.php\/wp-json\/wp\/v2\/posts\/90","targetHints":{"allow":["GET"]}}],"collection":[{"href":"https:\/\/jean-claude-bourdet.fr\/index.php\/wp-json\/wp\/v2\/posts"}],"about":[{"href":"https:\/\/jean-claude-bourdet.fr\/index.php\/wp-json\/wp\/v2\/types\/post"}],"author":[{"embeddable":true,"href":"https:\/\/jean-claude-bourdet.fr\/index.php\/wp-json\/wp\/v2\/users\/4"}],"replies":[{"embeddable":true,"href":"https:\/\/jean-claude-bourdet.fr\/index.php\/wp-json\/wp\/v2\/comments?post=90"}],"version-history":[{"count":3,"href":"https:\/\/jean-claude-bourdet.fr\/index.php\/wp-json\/wp\/v2\/posts\/90\/revisions"}],"predecessor-version":[{"id":226,"href":"https:\/\/jean-claude-bourdet.fr\/index.php\/wp-json\/wp\/v2\/posts\/90\/revisions\/226"}],"wp:featuredmedia":[{"embeddable":true,"href":"https:\/\/jean-claude-bourdet.fr\/index.php\/wp-json\/wp\/v2\/media\/224"}],"wp:attachment":[{"href":"https:\/\/jean-claude-bourdet.fr\/index.php\/wp-json\/wp\/v2\/media?parent=90"}],"wp:term":[{"taxonomy":"category","embeddable":true,"href":"https:\/\/jean-claude-bourdet.fr\/index.php\/wp-json\/wp\/v2\/categories?post=90"},{"taxonomy":"post_tag","embeddable":true,"href":"https:\/\/jean-claude-bourdet.fr\/index.php\/wp-json\/wp\/v2\/tags?post=90"}],"curies":[{"name":"wp","href":"https:\/\/api.w.org\/{rel}","templated":true}]}}