{"id":771,"date":"2022-01-17T15:20:29","date_gmt":"2022-01-17T14:20:29","guid":{"rendered":"https:\/\/jean-claude-bourdet.fr\/?p=771"},"modified":"2022-02-22T17:43:13","modified_gmt":"2022-02-22T16:43:13","slug":"la-petite-plage","status":"publish","type":"post","link":"https:\/\/jean-claude-bourdet.fr\/index.php\/2022\/01\/17\/la-petite-plage\/","title":{"rendered":"la petite plage"},"content":{"rendered":"\n<p>Nouvelle parue sur le blog Les cosaques des fronti\u00e8res<\/p>\n\n\n\n<p><a href=\"https:\/\/lescosaquesdesfrontieres.com\/\">https:\/\/lescosaquesdesfrontieres.com\/<\/a><\/p>\n\n\n\n<p>J\u2019avais l\u2019impression \u00e9trange d\u2019avoir toujours connu cette promenade le long du bras de mer que d\u00e9limite, au sud, le pont de la Tremblade, il enjambe la Seudre et, \u00e0 l\u2019Est, le pont qui relie le continent \u00e0 l\u2019\u00cele d\u2019Ol\u00e9ron. Ces limites dessinent une sorte de losange qui me donne l\u2019impression de me promener, \u00e0 la pleine mer, au bord d\u2019un lac.<\/p>\n\n\n\n<p>Il y a bien longtemps qu\u2019on n\u2019y voit plus les familles bourgeoises de la Belle \u00e9poque venues go\u00fbter au bon air marin et prendre des bains de mer. Elles y d\u00e9ambulaient, en fin d\u2019apr\u00e8s-midi de Juillet. Madame en chemisier ray\u00e9 bleu, jupe \u00e0 volants et tennis, une ombrelle blanche \u00e0 la main droite, au bras de Monsieur en chemise de lin blanche et pantalon de tennis assorti, un canotier fi\u00e8rement viss\u00e9 sur le cr\u00e2ne. Les maisons color\u00e9es rivalisent d\u00e9sormais avec les h\u00f4tels de luxe et les immeubles destin\u00e9s \u00e0 la location saisonni\u00e8re. Quelques maisons de p\u00eacheur donnent un semblant d\u2019authenticit\u00e9 \u00e0 cette promenade am\u00e9nag\u00e9e le long de la petite plage de sable fin. La circulation des voitures hybrides, silencieuses, ne trouble plus la sieste dominicale de ses rares r\u00e9sidents permanents.<\/p>\n\n\n\n<p>Mes petits-enfants venaient souvent p\u00eacher la palourde et la coque dans la vase profonde, envahie par les coquilles d\u2019huitre coupantes, au bord de la plage qui s\u2019alanguit au bout de la jet\u00e9e sud du port de p\u00eache. J\u2019avais toujours une pens\u00e9e pour mes propres grands-parents qui avaient s\u00e9journ\u00e9 dans cette station baln\u00e9aire en septembre 1939. Le trois septembre ils avaient, comme beaucoup, entendu aux informations radiodiffus\u00e9es, \u00e0 17 h pr\u00e9cise, l\u2019annonce de la d\u00e9claration de guerre du Royaume-Uni et de la France \u00e0 l\u2019Allemagne Nazie. Les troupes du F\u00fchrer avaient envahie, sans d\u00e9claration de guerre pr\u00e9alable, la Pologne. Les chars Panzer IV et les Junkers Ju 87 de la Luftwaffe avaient vite submerg\u00e9 les d\u00e9fenses polonaise pr\u00e9cipitant le monde dans une guerre meurtri\u00e8re.<\/p>\n\n\n\n<p>C\u2019est bien plus tard, d\u00e9j\u00e0 adulte &#8211; alors que je venais, avec mes parents, mon fr\u00e8re et ma s\u0153ur, \u00e0 l\u2019Ile d\u2019Ol\u00e9ron passer nos vacances d\u2019\u00e9t\u00e9 depuis mon plus jeune \u00e2ge &#8211; que j\u2019avais appris que mon p\u00e8re \u00e9tait l\u00e0 au soleil de septembre 1939, du haut de ses huit ans avec sa jeune s\u0153ur en train de jouer \u00e0 construire des forts en sable avec un seau bleu et une pelle taill\u00e9e dans du peuplier par mon grand-p\u00e8re. Ils \u00e9taient repartis pr\u00e9cipitamment dans leur Lot natal, pr\u00e9occup\u00e9s par les drames \u00e0 venir. Mon grand-p\u00e8re, d\u00e9tenteur du \u00ab&nbsp;fascicule bleu&nbsp;\u00bb des anciens du Chemin des Dames, n\u2019a pas \u00e9t\u00e9 appel\u00e9, il est rest\u00e9 \u00e0 la ferme familiale.<\/p>\n\n\n\n<p>Quelques mois plus tard, la s\u0153ur de ma grand-m\u00e8re, tante de Blois, arrivait avec ses enfants &#8211; son mari, mobilis\u00e9, ne l\u2019avait pas suivie &#8211; pour se mettre \u00e0 l\u2019abri derri\u00e8re la ligne de d\u00e9marcation. Le p\u00e9riple avait \u00e9t\u00e9 tr\u00e8s difficile pour cette femme, descendue de Onzin, o\u00f9 elle \u00e9tait institutrice, avec ses quatre filles, dont la plus jeune n\u00e9e en 38 \u00e9tait dans un \u00e9tat d\u00e9sesp\u00e9r\u00e9.<\/p>\n\n\n\n<p>Je ne sais pas quand le pilote anglais dont je n\u2019ai jamais su le nom, mais qui est revenu voir mes grands-parents apr\u00e8s la guerre, a commenc\u00e9 \u00e0 \u00e9mettre ses messages cod\u00e9s depuis le grenier de la ferme. Ce h\u00e9ros \u00e9tranger est rest\u00e9, dans mon imagination, le t\u00e9moin de la bravoure et de l\u2019identit\u00e9 de r\u00e9sistant que mon grand-p\u00e8re a toujours eu pour l\u2019enfant qui \u00e9coutait les r\u00e9cits guerriers de ses exploits durant la Grande Guerre. Ce lourd pass\u00e9 me laissait aussi des souvenirs plus difficiles, lorsque, r\u00e9sidant chez mes grands-parents pour mes premi\u00e8res ann\u00e9es de coll\u00e8ge, j\u2019\u00e9tais r\u00e9veill\u00e9 en pleine nuit par les hurlements de terreur de mon grand-p\u00e8re. Le lendemain, ma grand-m\u00e8re disait&nbsp;: \u00ab&nbsp;Louis-Jean a encore fait un cauchemar, c\u2019est comme \u00e7a depuis son retour du front en 18. Tu sais ils l\u2019avaient appel\u00e9 pour conduire les tracteurs qui emmenaient les canons de 75 sur la ligne de front&nbsp;\u00bb.<\/p>\n\n\n\n<p>De cela mon grand-p\u00e8re ne m\u2019en a jamais parl\u00e9, il \u00e9tait plus prompt \u00e0 \u00e9voquer ces \u00ab&nbsp;salauds de boches&nbsp;\u00bb qu\u2019il amalgamait, dans une g\u00e9n\u00e9ralisation du mal, \u00e0 une nation qu\u2019il r\u00e9duisait \u00e0 ce vocable.<\/p>\n\n\n\n<p>De ces discussions tr\u00e8s s\u00e9rieuses pour l\u2019enfant qui les \u00e9coutait, graves m\u00eames au sens du drame et de la trag\u00e9die qu\u2019elles \u00e9voquaient, j\u2019ai construit une vision du monde. Cette vision a \u00e9volu\u00e9 bien-s\u00fbr, mais certaines choses sont rest\u00e9s ancr\u00e9es dans mon esprit.<\/p>\n\n\n\n<p>Netcha\u00efev, ne repr\u00e9sentait rien jusqu\u2019\u00e0 ce que je le d\u00e9couvre dans une nouvelle&nbsp;: Argeles S\/Mer (La plage) de Jean-Claude Tardif. Le nom de l\u2019auteur du <em>Cat\u00e9chisme du r\u00e9volutionnaire<\/em>, n\u2019avait pas atteint ma conscience, j\u2019en ai recherch\u00e9 les origines, la signification et j\u2019en ai compris quelque chose.<\/p>\n\n\n\n<p>Pour moi Netcha\u00efev a toujours \u00e9t\u00e9 pr\u00e9sent, je n\u2019ai pas l\u2019impression qu\u2019il ait quitt\u00e9 mon esprit. J\u2019ai toujours \u00e9t\u00e9 confront\u00e9 \u00e0 diff\u00e9rentes parties de moi-m\u00eame. Un bolchevique bataillant avec un anarchiste, un bourgeois, qui les redoutais tous deux, r\u00eavant \u00e0 un ordre militaire qui s\u00e9curiserait ses avoirs. Toutes les autres facettes de l\u2019identit\u00e9 qui me constitue \u00e9voluent en permanence au gr\u00e9 du temps qui passe. L\u2019ambivalence de l\u2019id\u00e9aliste que j\u2019ai \u00e9t\u00e9 s\u2019est \u00e9mouss\u00e9e avec le temp, je n\u2019ai aucun esprit de vengeance.<\/p>\n\n\n\n<p>Yves Montand qui joue, dans un film de Jacques Deray, <em>Netcha\u00efev est de retour<\/em>, le r\u00f4le de Pierre Marroux qui a pour nom de code Netcha\u00efev, me laisse froid, autant lorsqu\u2019il gesticule au petit \u00e9cran que lorsqu\u2019il se d\u00e9hanche sur sc\u00e8ne. Non que je ne partage pas certains de ces combats, mais je me suis toujours senti ambivalent quant \u00e0 ces personnalit\u00e9s tr\u00e8s m\u00e9diatiques qui luttent pour \u00ab&nbsp;d\u00e9fendre les opprim\u00e9s&nbsp;\u00bb.<\/p>\n\n\n\n<p>Les th\u00e9ories r\u00e9volutionnaires de Chigaliev (alias l\u2019instituteur de Ivanovo, Netcha\u00efev) pr\u00f4nent la d\u00e9lation et le machiav\u00e9lisme comme morale, l\u2019exc\u00e8s d\u2019un id\u00e9alisme destructeur pour qui l\u2019acculturation pourrait \u00eatre l\u2019outil final de l\u2019accession \u00e0 l\u2019\u00e9galit\u00e9. Tous \u00e9gaux, tous esclaves, tous simples d\u2019esprit&nbsp;!<\/p>\n\n\n\n<p>Chacun se d\u00e9bat plus ou moins facilement avec le grand jeu des instances, dieu et toutes les formes d\u2019id\u00e9alisme sont, pour certains psychanalystes, la forme caricaturale d\u2019un surmoi archa\u00efque, tout puissant, omniscient, qui s\u2019exporte facilement dans le flux des id\u00e9es et franchit les fronti\u00e8res terrestres sans droit de douane.<\/p>\n\n\n\n<p>Lors de ces ruminations tourment\u00e9es, la plage s\u2019efface de mon souvenir, parfois j\u2019en crois percevoir une r\u00e9miniscence au d\u00e9tour d\u2019un virage, sur les routes de bord de mer que je fr\u00e9quente toujours. La lourde silhouette de mon grand-p\u00e8re surgit alors de ces limbes vaporeuses qui flottent au-dessus des marais au petit matin d\u2019Aout.<\/p>\n","protected":false},"excerpt":{"rendered":"<p>Nouvelle parue sur le blog Les cosaques des fronti\u00e8res https:\/\/lescosaquesdesfrontieres.com\/ J\u2019avais l\u2019impression \u00e9trange d\u2019avoir toujours connu cette promenade le long du bras de mer que d\u00e9limite, au sud, le pont de la Tremblade, il enjambe la Seudre et, \u00e0 l\u2019Est, le pont qui relie le continent \u00e0 l\u2019\u00cele d\u2019Ol\u00e9ron. Ces limites dessinent une sorte de [&hellip;]<\/p>\n","protected":false},"author":3,"featured_media":773,"comment_status":"open","ping_status":"open","sticky":false,"template":"","format":"standard","meta":{"_acf_changed":false,"footnotes":""},"categories":[20],"tags":[],"class_list":["post-771","post","type-post","status-publish","format-standard","has-post-thumbnail","hentry","category-nouvelles"],"acf":[],"yoast_head":"<!-- This site is optimized with the Yoast SEO plugin v27.5 - https:\/\/yoast.com\/product\/yoast-seo-wordpress\/ -->\n<title>la petite plage - Jean-Claude Bourdet<\/title>\n<meta name=\"robots\" content=\"index, follow, max-snippet:-1, max-image-preview:large, max-video-preview:-1\" \/>\n<link rel=\"canonical\" href=\"https:\/\/jean-claude-bourdet.fr\/index.php\/2022\/01\/17\/la-petite-plage\/\" \/>\n<meta property=\"og:locale\" content=\"fr_FR\" \/>\n<meta property=\"og:type\" content=\"article\" \/>\n<meta property=\"og:title\" content=\"la petite plage - Jean-Claude Bourdet\" \/>\n<meta property=\"og:description\" content=\"Nouvelle parue sur le blog Les cosaques des fronti\u00e8res https:\/\/lescosaquesdesfrontieres.com\/ J\u2019avais l\u2019impression \u00e9trange d\u2019avoir toujours connu cette promenade le long du bras de mer que d\u00e9limite, au sud, le pont de la Tremblade, il enjambe la Seudre et, \u00e0 l\u2019Est, le pont qui relie le continent \u00e0 l\u2019\u00cele d\u2019Ol\u00e9ron. Ces limites dessinent une sorte de [&hellip;]\" \/>\n<meta property=\"og:url\" content=\"https:\/\/jean-claude-bourdet.fr\/index.php\/2022\/01\/17\/la-petite-plage\/\" \/>\n<meta property=\"og:site_name\" content=\"Jean-Claude Bourdet\" \/>\n<meta property=\"article:published_time\" content=\"2022-01-17T14:20:29+00:00\" \/>\n<meta property=\"article:modified_time\" content=\"2022-02-22T16:43:13+00:00\" \/>\n<meta property=\"og:image\" content=\"https:\/\/jean-claude-bourdet.fr\/wp-content\/uploads\/2022\/01\/plage-maubuisson.jpg\" \/>\n\t<meta property=\"og:image:width\" content=\"960\" \/>\n\t<meta property=\"og:image:height\" content=\"1280\" \/>\n\t<meta property=\"og:image:type\" content=\"image\/jpeg\" \/>\n<meta name=\"author\" content=\"Jean-Claude Bourdet\" \/>\n<meta name=\"twitter:card\" content=\"summary_large_image\" \/>\n<meta name=\"twitter:label1\" content=\"\u00c9crit par\" \/>\n\t<meta name=\"twitter:data1\" content=\"Jean-Claude Bourdet\" \/>\n\t<meta name=\"twitter:label2\" content=\"Dur\u00e9e de lecture estim\u00e9e\" \/>\n\t<meta name=\"twitter:data2\" content=\"6 minutes\" \/>\n<script type=\"application\/ld+json\" class=\"yoast-schema-graph\">{\"@context\":\"https:\\\/\\\/schema.org\",\"@graph\":[{\"@type\":\"Article\",\"@id\":\"https:\\\/\\\/jean-claude-bourdet.fr\\\/index.php\\\/2022\\\/01\\\/17\\\/la-petite-plage\\\/#article\",\"isPartOf\":{\"@id\":\"https:\\\/\\\/jean-claude-bourdet.fr\\\/index.php\\\/2022\\\/01\\\/17\\\/la-petite-plage\\\/\"},\"author\":{\"name\":\"Jean-Claude Bourdet\",\"@id\":\"https:\\\/\\\/jean-claude-bourdet.fr\\\/#\\\/schema\\\/person\\\/11164af92a68e466bbab7ed7d84f29bf\"},\"headline\":\"la petite plage\",\"datePublished\":\"2022-01-17T14:20:29+00:00\",\"dateModified\":\"2022-02-22T16:43:13+00:00\",\"mainEntityOfPage\":{\"@id\":\"https:\\\/\\\/jean-claude-bourdet.fr\\\/index.php\\\/2022\\\/01\\\/17\\\/la-petite-plage\\\/\"},\"wordCount\":1250,\"commentCount\":0,\"publisher\":{\"@id\":\"https:\\\/\\\/jean-claude-bourdet.fr\\\/#\\\/schema\\\/person\\\/11164af92a68e466bbab7ed7d84f29bf\"},\"image\":{\"@id\":\"https:\\\/\\\/jean-claude-bourdet.fr\\\/index.php\\\/2022\\\/01\\\/17\\\/la-petite-plage\\\/#primaryimage\"},\"thumbnailUrl\":\"https:\\\/\\\/jean-claude-bourdet.fr\\\/wp-content\\\/uploads\\\/2022\\\/01\\\/plage-maubuisson.jpg\",\"articleSection\":[\"Nouvelles\"],\"inLanguage\":\"fr-FR\",\"potentialAction\":[{\"@type\":\"CommentAction\",\"name\":\"Comment\",\"target\":[\"https:\\\/\\\/jean-claude-bourdet.fr\\\/index.php\\\/2022\\\/01\\\/17\\\/la-petite-plage\\\/#respond\"]}]},{\"@type\":\"WebPage\",\"@id\":\"https:\\\/\\\/jean-claude-bourdet.fr\\\/index.php\\\/2022\\\/01\\\/17\\\/la-petite-plage\\\/\",\"url\":\"https:\\\/\\\/jean-claude-bourdet.fr\\\/index.php\\\/2022\\\/01\\\/17\\\/la-petite-plage\\\/\",\"name\":\"la petite plage - Jean-Claude Bourdet\",\"isPartOf\":{\"@id\":\"https:\\\/\\\/jean-claude-bourdet.fr\\\/#website\"},\"primaryImageOfPage\":{\"@id\":\"https:\\\/\\\/jean-claude-bourdet.fr\\\/index.php\\\/2022\\\/01\\\/17\\\/la-petite-plage\\\/#primaryimage\"},\"image\":{\"@id\":\"https:\\\/\\\/jean-claude-bourdet.fr\\\/index.php\\\/2022\\\/01\\\/17\\\/la-petite-plage\\\/#primaryimage\"},\"thumbnailUrl\":\"https:\\\/\\\/jean-claude-bourdet.fr\\\/wp-content\\\/uploads\\\/2022\\\/01\\\/plage-maubuisson.jpg\",\"datePublished\":\"2022-01-17T14:20:29+00:00\",\"dateModified\":\"2022-02-22T16:43:13+00:00\",\"breadcrumb\":{\"@id\":\"https:\\\/\\\/jean-claude-bourdet.fr\\\/index.php\\\/2022\\\/01\\\/17\\\/la-petite-plage\\\/#breadcrumb\"},\"inLanguage\":\"fr-FR\",\"potentialAction\":[{\"@type\":\"ReadAction\",\"target\":[\"https:\\\/\\\/jean-claude-bourdet.fr\\\/index.php\\\/2022\\\/01\\\/17\\\/la-petite-plage\\\/\"]}]},{\"@type\":\"ImageObject\",\"inLanguage\":\"fr-FR\",\"@id\":\"https:\\\/\\\/jean-claude-bourdet.fr\\\/index.php\\\/2022\\\/01\\\/17\\\/la-petite-plage\\\/#primaryimage\",\"url\":\"https:\\\/\\\/jean-claude-bourdet.fr\\\/wp-content\\\/uploads\\\/2022\\\/01\\\/plage-maubuisson.jpg\",\"contentUrl\":\"https:\\\/\\\/jean-claude-bourdet.fr\\\/wp-content\\\/uploads\\\/2022\\\/01\\\/plage-maubuisson.jpg\",\"width\":960,\"height\":1280},{\"@type\":\"BreadcrumbList\",\"@id\":\"https:\\\/\\\/jean-claude-bourdet.fr\\\/index.php\\\/2022\\\/01\\\/17\\\/la-petite-plage\\\/#breadcrumb\",\"itemListElement\":[{\"@type\":\"ListItem\",\"position\":1,\"name\":\"Accueil\",\"item\":\"https:\\\/\\\/jean-claude-bourdet.fr\\\/\"},{\"@type\":\"ListItem\",\"position\":2,\"name\":\"la petite plage\"}]},{\"@type\":\"WebSite\",\"@id\":\"https:\\\/\\\/jean-claude-bourdet.fr\\\/#website\",\"url\":\"https:\\\/\\\/jean-claude-bourdet.fr\\\/\",\"name\":\"Jean-Claude Bourdet\",\"description\":\"Site d&#039;humeur, de go\u00fbt, de plaisir d&#039;\u00e9crire de lire et de partager\",\"publisher\":{\"@id\":\"https:\\\/\\\/jean-claude-bourdet.fr\\\/#\\\/schema\\\/person\\\/11164af92a68e466bbab7ed7d84f29bf\"},\"alternateName\":\"Jean-Claude Bourdet auteur\",\"potentialAction\":[{\"@type\":\"SearchAction\",\"target\":{\"@type\":\"EntryPoint\",\"urlTemplate\":\"https:\\\/\\\/jean-claude-bourdet.fr\\\/?s={search_term_string}\"},\"query-input\":{\"@type\":\"PropertyValueSpecification\",\"valueRequired\":true,\"valueName\":\"search_term_string\"}}],\"inLanguage\":\"fr-FR\"},{\"@type\":[\"Person\",\"Organization\"],\"@id\":\"https:\\\/\\\/jean-claude-bourdet.fr\\\/#\\\/schema\\\/person\\\/11164af92a68e466bbab7ed7d84f29bf\",\"name\":\"Jean-Claude Bourdet\",\"image\":{\"@type\":\"ImageObject\",\"inLanguage\":\"fr-FR\",\"@id\":\"https:\\\/\\\/jean-claude-bourdet.fr\\\/wp-content\\\/uploads\\\/2022\\\/06\\\/capture-video-1.png\",\"url\":\"https:\\\/\\\/jean-claude-bourdet.fr\\\/wp-content\\\/uploads\\\/2022\\\/06\\\/capture-video-1.png\",\"contentUrl\":\"https:\\\/\\\/jean-claude-bourdet.fr\\\/wp-content\\\/uploads\\\/2022\\\/06\\\/capture-video-1.png\",\"width\":835,\"height\":468,\"caption\":\"Jean-Claude Bourdet\"},\"logo\":{\"@id\":\"https:\\\/\\\/jean-claude-bourdet.fr\\\/wp-content\\\/uploads\\\/2022\\\/06\\\/capture-video-1.png\"},\"url\":\"https:\\\/\\\/jean-claude-bourdet.fr\\\/index.php\\\/author\\\/jcbourdet\\\/\"}]}<\/script>\n<!-- \/ Yoast SEO plugin. -->","yoast_head_json":{"title":"la petite plage - Jean-Claude Bourdet","robots":{"index":"index","follow":"follow","max-snippet":"max-snippet:-1","max-image-preview":"max-image-preview:large","max-video-preview":"max-video-preview:-1"},"canonical":"https:\/\/jean-claude-bourdet.fr\/index.php\/2022\/01\/17\/la-petite-plage\/","og_locale":"fr_FR","og_type":"article","og_title":"la petite plage - Jean-Claude Bourdet","og_description":"Nouvelle parue sur le blog Les cosaques des fronti\u00e8res https:\/\/lescosaquesdesfrontieres.com\/ J\u2019avais l\u2019impression \u00e9trange d\u2019avoir toujours connu cette promenade le long du bras de mer que d\u00e9limite, au sud, le pont de la Tremblade, il enjambe la Seudre et, \u00e0 l\u2019Est, le pont qui relie le continent \u00e0 l\u2019\u00cele d\u2019Ol\u00e9ron. Ces limites dessinent une sorte de [&hellip;]","og_url":"https:\/\/jean-claude-bourdet.fr\/index.php\/2022\/01\/17\/la-petite-plage\/","og_site_name":"Jean-Claude Bourdet","article_published_time":"2022-01-17T14:20:29+00:00","article_modified_time":"2022-02-22T16:43:13+00:00","og_image":[{"width":960,"height":1280,"url":"https:\/\/jean-claude-bourdet.fr\/wp-content\/uploads\/2022\/01\/plage-maubuisson.jpg","type":"image\/jpeg"}],"author":"Jean-Claude Bourdet","twitter_card":"summary_large_image","twitter_misc":{"\u00c9crit par":"Jean-Claude Bourdet","Dur\u00e9e de lecture estim\u00e9e":"6 minutes"},"schema":{"@context":"https:\/\/schema.org","@graph":[{"@type":"Article","@id":"https:\/\/jean-claude-bourdet.fr\/index.php\/2022\/01\/17\/la-petite-plage\/#article","isPartOf":{"@id":"https:\/\/jean-claude-bourdet.fr\/index.php\/2022\/01\/17\/la-petite-plage\/"},"author":{"name":"Jean-Claude Bourdet","@id":"https:\/\/jean-claude-bourdet.fr\/#\/schema\/person\/11164af92a68e466bbab7ed7d84f29bf"},"headline":"la petite plage","datePublished":"2022-01-17T14:20:29+00:00","dateModified":"2022-02-22T16:43:13+00:00","mainEntityOfPage":{"@id":"https:\/\/jean-claude-bourdet.fr\/index.php\/2022\/01\/17\/la-petite-plage\/"},"wordCount":1250,"commentCount":0,"publisher":{"@id":"https:\/\/jean-claude-bourdet.fr\/#\/schema\/person\/11164af92a68e466bbab7ed7d84f29bf"},"image":{"@id":"https:\/\/jean-claude-bourdet.fr\/index.php\/2022\/01\/17\/la-petite-plage\/#primaryimage"},"thumbnailUrl":"https:\/\/jean-claude-bourdet.fr\/wp-content\/uploads\/2022\/01\/plage-maubuisson.jpg","articleSection":["Nouvelles"],"inLanguage":"fr-FR","potentialAction":[{"@type":"CommentAction","name":"Comment","target":["https:\/\/jean-claude-bourdet.fr\/index.php\/2022\/01\/17\/la-petite-plage\/#respond"]}]},{"@type":"WebPage","@id":"https:\/\/jean-claude-bourdet.fr\/index.php\/2022\/01\/17\/la-petite-plage\/","url":"https:\/\/jean-claude-bourdet.fr\/index.php\/2022\/01\/17\/la-petite-plage\/","name":"la petite plage - Jean-Claude Bourdet","isPartOf":{"@id":"https:\/\/jean-claude-bourdet.fr\/#website"},"primaryImageOfPage":{"@id":"https:\/\/jean-claude-bourdet.fr\/index.php\/2022\/01\/17\/la-petite-plage\/#primaryimage"},"image":{"@id":"https:\/\/jean-claude-bourdet.fr\/index.php\/2022\/01\/17\/la-petite-plage\/#primaryimage"},"thumbnailUrl":"https:\/\/jean-claude-bourdet.fr\/wp-content\/uploads\/2022\/01\/plage-maubuisson.jpg","datePublished":"2022-01-17T14:20:29+00:00","dateModified":"2022-02-22T16:43:13+00:00","breadcrumb":{"@id":"https:\/\/jean-claude-bourdet.fr\/index.php\/2022\/01\/17\/la-petite-plage\/#breadcrumb"},"inLanguage":"fr-FR","potentialAction":[{"@type":"ReadAction","target":["https:\/\/jean-claude-bourdet.fr\/index.php\/2022\/01\/17\/la-petite-plage\/"]}]},{"@type":"ImageObject","inLanguage":"fr-FR","@id":"https:\/\/jean-claude-bourdet.fr\/index.php\/2022\/01\/17\/la-petite-plage\/#primaryimage","url":"https:\/\/jean-claude-bourdet.fr\/wp-content\/uploads\/2022\/01\/plage-maubuisson.jpg","contentUrl":"https:\/\/jean-claude-bourdet.fr\/wp-content\/uploads\/2022\/01\/plage-maubuisson.jpg","width":960,"height":1280},{"@type":"BreadcrumbList","@id":"https:\/\/jean-claude-bourdet.fr\/index.php\/2022\/01\/17\/la-petite-plage\/#breadcrumb","itemListElement":[{"@type":"ListItem","position":1,"name":"Accueil","item":"https:\/\/jean-claude-bourdet.fr\/"},{"@type":"ListItem","position":2,"name":"la petite plage"}]},{"@type":"WebSite","@id":"https:\/\/jean-claude-bourdet.fr\/#website","url":"https:\/\/jean-claude-bourdet.fr\/","name":"Jean-Claude Bourdet","description":"Site d&#039;humeur, de go\u00fbt, de plaisir d&#039;\u00e9crire de lire et de partager","publisher":{"@id":"https:\/\/jean-claude-bourdet.fr\/#\/schema\/person\/11164af92a68e466bbab7ed7d84f29bf"},"alternateName":"Jean-Claude Bourdet auteur","potentialAction":[{"@type":"SearchAction","target":{"@type":"EntryPoint","urlTemplate":"https:\/\/jean-claude-bourdet.fr\/?s={search_term_string}"},"query-input":{"@type":"PropertyValueSpecification","valueRequired":true,"valueName":"search_term_string"}}],"inLanguage":"fr-FR"},{"@type":["Person","Organization"],"@id":"https:\/\/jean-claude-bourdet.fr\/#\/schema\/person\/11164af92a68e466bbab7ed7d84f29bf","name":"Jean-Claude Bourdet","image":{"@type":"ImageObject","inLanguage":"fr-FR","@id":"https:\/\/jean-claude-bourdet.fr\/wp-content\/uploads\/2022\/06\/capture-video-1.png","url":"https:\/\/jean-claude-bourdet.fr\/wp-content\/uploads\/2022\/06\/capture-video-1.png","contentUrl":"https:\/\/jean-claude-bourdet.fr\/wp-content\/uploads\/2022\/06\/capture-video-1.png","width":835,"height":468,"caption":"Jean-Claude Bourdet"},"logo":{"@id":"https:\/\/jean-claude-bourdet.fr\/wp-content\/uploads\/2022\/06\/capture-video-1.png"},"url":"https:\/\/jean-claude-bourdet.fr\/index.php\/author\/jcbourdet\/"}]}},"_links":{"self":[{"href":"https:\/\/jean-claude-bourdet.fr\/index.php\/wp-json\/wp\/v2\/posts\/771","targetHints":{"allow":["GET"]}}],"collection":[{"href":"https:\/\/jean-claude-bourdet.fr\/index.php\/wp-json\/wp\/v2\/posts"}],"about":[{"href":"https:\/\/jean-claude-bourdet.fr\/index.php\/wp-json\/wp\/v2\/types\/post"}],"author":[{"embeddable":true,"href":"https:\/\/jean-claude-bourdet.fr\/index.php\/wp-json\/wp\/v2\/users\/3"}],"replies":[{"embeddable":true,"href":"https:\/\/jean-claude-bourdet.fr\/index.php\/wp-json\/wp\/v2\/comments?post=771"}],"version-history":[{"count":2,"href":"https:\/\/jean-claude-bourdet.fr\/index.php\/wp-json\/wp\/v2\/posts\/771\/revisions"}],"predecessor-version":[{"id":1368,"href":"https:\/\/jean-claude-bourdet.fr\/index.php\/wp-json\/wp\/v2\/posts\/771\/revisions\/1368"}],"wp:featuredmedia":[{"embeddable":true,"href":"https:\/\/jean-claude-bourdet.fr\/index.php\/wp-json\/wp\/v2\/media\/773"}],"wp:attachment":[{"href":"https:\/\/jean-claude-bourdet.fr\/index.php\/wp-json\/wp\/v2\/media?parent=771"}],"wp:term":[{"taxonomy":"category","embeddable":true,"href":"https:\/\/jean-claude-bourdet.fr\/index.php\/wp-json\/wp\/v2\/categories?post=771"},{"taxonomy":"post_tag","embeddable":true,"href":"https:\/\/jean-claude-bourdet.fr\/index.php\/wp-json\/wp\/v2\/tags?post=771"}],"curies":[{"name":"wp","href":"https:\/\/api.w.org\/{rel}","templated":true}]}}