{"id":649,"date":"2021-12-17T08:30:36","date_gmt":"2021-12-17T07:30:36","guid":{"rendered":"https:\/\/myjeedhome.ovh\/?p=649"},"modified":"2022-01-26T14:00:25","modified_gmt":"2022-01-26T13:00:25","slug":"presentation","status":"publish","type":"post","link":"https:\/\/jean-claude-bourdet.fr\/index.php\/2021\/12\/17\/presentation\/","title":{"rendered":"Pr\u00e9sentation"},"content":{"rendered":"\t\t<div data-elementor-type=\"wp-post\" data-elementor-id=\"649\" class=\"elementor elementor-649\" data-elementor-post-type=\"post\">\n\t\t\t\t\t\t<section class=\"elementor-section elementor-top-section elementor-element elementor-element-98e2af3 elementor-section-boxed elementor-section-height-default elementor-section-height-default\" data-id=\"98e2af3\" data-element_type=\"section\" data-e-type=\"section\">\n\t\t\t\t\t\t<div class=\"elementor-container elementor-column-gap-default\">\n\t\t\t\t\t<div class=\"elementor-column elementor-col-100 elementor-top-column elementor-element elementor-element-11f4db8\" data-id=\"11f4db8\" data-element_type=\"column\" data-e-type=\"column\">\n\t\t\t<div class=\"elementor-widget-wrap elementor-element-populated\">\n\t\t\t\t\t\t<div class=\"elementor-element elementor-element-68e62fc elementor-widget elementor-widget-text-editor\" data-id=\"68e62fc\" data-element_type=\"widget\" data-e-type=\"widget\" data-widget_type=\"text-editor.default\">\n\t\t\t\t<div class=\"elementor-widget-container\">\n\t\t\t\t\t\t\t\t\t<p>Je suis n\u00e9 \u00e0 Safi au Maroc en 1955, pr\u00e8s de la colline des potiers. Psychiatre, psychanalyste, membre soci\u00e9taire de l\u2019Association Psychanalytique de France, je demeure et exerce \u00e0 Bordeaux.<br \/>Le go\u00fbt d\u2019assembler les mots me vient certainement de l\u2019enfance, des lectures, de la fa\u00e7on dont ma m\u00e8re institutrice de cours \u00e9l\u00e9mentaire faisait d\u00e9couvrir le plaisir de fabriquer des po\u00e8mes \u00e0 ses \u00e9l\u00e8ves. L\u2019\u00e9criture ne m\u2019est pas spontan\u00e9ment ais\u00e9e, elle me demande beaucoup d\u2019effort, de patience et de modestie.<br \/>Les rencontres, l\u2019amiti\u00e9, la recherche, l\u2019exploration d\u2019univers litt\u00e9raires et po\u00e9tiques, jouent un r\u00f4le d\u00e9terminant dans mon engagement et ma poursuite de l\u2019\u00e9criture. Jean-Paul Brussac qui est sculpteur et dirige la Librairie Olympique \u00e0 Bordeaux m\u2019a d\u00e8s les d\u00e9buts encourag\u00e9 \u00e0 \u00e9crire. Gabriel Mw\u00e8n\u00e8 Okoundji, Gilles Jallet, Jean-Claude Tardif, qui a accept\u00e9 de publier un extrait du po\u00e8me dans sa revue A L\u2019index et ensuite de l\u2019\u00e9diter dans sa collection les plaquettes, ont soutenu cet \u00e9lan avec \u00e9galement, \u00e0 Toulouse, Dani\u00e8le Roublin-Trinquere d\u2019Az\u2019art atelier d\u2019\u00e9dition avec qui je travailles actuellement un prochain livre. Certains \u00e9crits sont publi\u00e9s sur le blog Les cosaques des fronti\u00e8res, Yan Kouton.<br \/>Il faut un lieu pour penser, pour \u00e9crire, une \u00ab table \u00bb selon Emmanuel Hocquard qui en fait un des pivots de son oeuvre. Je crois que certains po\u00e8tes consid\u00e8rent que c\u2019est le lieu qui est le po\u00e8me, les mots, les vers qui en sortent n\u2019en sont que les traducteurs.<br \/>Les for\u00eats de ch\u00e2taigner et de ch\u00eane des vall\u00e9es de la Dordogne et de l\u2019Auvez\u00e8re, la lumi\u00e8re crue du Causse de Cal\u00e9s, l\u2019ombre des noyers de la plaine de Pinsac dans le Lot comme mes p\u00e9r\u00e9grination dans les mus\u00e9es parisiens, les quelques voyages qui m\u2019ont marqu\u00e9s ainsi que mon travail d\u2019\u00e9coute participent \u00e0 cette fabrique de textes po\u00e9tiques, litt\u00e9raires.<br \/>Mes sujets de recherche po\u00e9tiques sont sur le regard, la peinture, les rencontres, les origines.<br \/>J\u2019\u00e9cris \u00e9galement des r\u00e9cits \u00ab improbables \u00bb, fictionnels et autofictionnels ainsi que des petits essais sur la cr\u00e9ativit\u00e9, sur divers sujets psychanalytiques, j\u2019essaie \u00e9galement d\u2019\u00e9crire des petits r\u00e9cits sous forme de contes.<\/p><p><b>Jean-Claude Bourdet, 2021<\/b><\/p>\t\t\t\t\t\t\t\t<\/div>\n\t\t\t\t<\/div>\n\t\t\t\t\t<\/div>\n\t\t<\/div>\n\t\t\t\t\t<\/div>\n\t\t<\/section>\n\t\t\t\t<\/div>\n\t\t","protected":false},"excerpt":{"rendered":"<p>Je suis n\u00e9 \u00e0 Safi au Maroc en 1955, pr\u00e8s de la colline des potiers. Psychiatre, psychanalyste, membre soci\u00e9taire de l\u2019Association Psychanalytique de France, je demeure et exerce \u00e0 Bordeaux.Le go\u00fbt d\u2019assembler les mots me vient certainement de l\u2019enfance, des lectures, de la fa\u00e7on dont ma m\u00e8re institutrice de cours \u00e9l\u00e9mentaire faisait d\u00e9couvrir le plaisir [&hellip;]<\/p>\n","protected":false},"author":4,"featured_media":671,"comment_status":"open","ping_status":"open","sticky":false,"template":"","format":"standard","meta":{"_acf_changed":false,"footnotes":""},"categories":[17],"tags":[],"class_list":["post-649","post","type-post","status-publish","format-standard","has-post-thumbnail","hentry","category-presentation"],"acf":[],"yoast_head":"<!-- This site is optimized with the Yoast SEO plugin v27.5 - https:\/\/yoast.com\/product\/yoast-seo-wordpress\/ -->\n<title>Pr\u00e9sentation - Jean-Claude Bourdet<\/title>\n<meta name=\"robots\" content=\"index, follow, max-snippet:-1, max-image-preview:large, max-video-preview:-1\" \/>\n<link rel=\"canonical\" href=\"https:\/\/jean-claude-bourdet.fr\/index.php\/2021\/12\/17\/presentation\/\" \/>\n<meta property=\"og:locale\" content=\"fr_FR\" \/>\n<meta property=\"og:type\" content=\"article\" \/>\n<meta property=\"og:title\" content=\"Pr\u00e9sentation - Jean-Claude Bourdet\" \/>\n<meta property=\"og:description\" content=\"Je suis n\u00e9 \u00e0 Safi au Maroc en 1955, pr\u00e8s de la colline des potiers. Psychiatre, psychanalyste, membre soci\u00e9taire de l\u2019Association Psychanalytique de France, je demeure et exerce \u00e0 Bordeaux.Le go\u00fbt d\u2019assembler les mots me vient certainement de l\u2019enfance, des lectures, de la fa\u00e7on dont ma m\u00e8re institutrice de cours \u00e9l\u00e9mentaire faisait d\u00e9couvrir le plaisir [&hellip;]\" \/>\n<meta property=\"og:url\" content=\"https:\/\/jean-claude-bourdet.fr\/index.php\/2021\/12\/17\/presentation\/\" \/>\n<meta property=\"og:site_name\" content=\"Jean-Claude Bourdet\" \/>\n<meta property=\"article:published_time\" content=\"2021-12-17T07:30:36+00:00\" \/>\n<meta property=\"article:modified_time\" content=\"2022-01-26T13:00:25+00:00\" \/>\n<meta property=\"og:image\" content=\"https:\/\/jean-claude-bourdet.fr\/wp-content\/uploads\/2021\/12\/Sans-titre-1.png\" \/>\n\t<meta property=\"og:image:width\" content=\"507\" \/>\n\t<meta property=\"og:image:height\" content=\"877\" \/>\n\t<meta property=\"og:image:type\" content=\"image\/png\" \/>\n<meta name=\"author\" content=\"Jonathan Bouanani\" \/>\n<meta name=\"twitter:card\" content=\"summary_large_image\" \/>\n<meta name=\"twitter:label1\" content=\"\u00c9crit par\" \/>\n\t<meta name=\"twitter:data1\" content=\"Jonathan Bouanani\" \/>\n\t<meta name=\"twitter:label2\" content=\"Dur\u00e9e de lecture estim\u00e9e\" \/>\n\t<meta name=\"twitter:data2\" content=\"2 minutes\" \/>\n<script type=\"application\/ld+json\" class=\"yoast-schema-graph\">{\"@context\":\"https:\\\/\\\/schema.org\",\"@graph\":[{\"@type\":\"Article\",\"@id\":\"https:\\\/\\\/jean-claude-bourdet.fr\\\/index.php\\\/2021\\\/12\\\/17\\\/presentation\\\/#article\",\"isPartOf\":{\"@id\":\"https:\\\/\\\/jean-claude-bourdet.fr\\\/index.php\\\/2021\\\/12\\\/17\\\/presentation\\\/\"},\"author\":{\"name\":\"Jonathan Bouanani\",\"@id\":\"https:\\\/\\\/jean-claude-bourdet.fr\\\/#\\\/schema\\\/person\\\/636f44823ad44c33dcb0fd9f0dc3ff02\"},\"headline\":\"Pr\u00e9sentation\",\"datePublished\":\"2021-12-17T07:30:36+00:00\",\"dateModified\":\"2022-01-26T13:00:25+00:00\",\"mainEntityOfPage\":{\"@id\":\"https:\\\/\\\/jean-claude-bourdet.fr\\\/index.php\\\/2021\\\/12\\\/17\\\/presentation\\\/\"},\"wordCount\":399,\"commentCount\":0,\"publisher\":{\"@id\":\"https:\\\/\\\/jean-claude-bourdet.fr\\\/#\\\/schema\\\/person\\\/11164af92a68e466bbab7ed7d84f29bf\"},\"image\":{\"@id\":\"https:\\\/\\\/jean-claude-bourdet.fr\\\/index.php\\\/2021\\\/12\\\/17\\\/presentation\\\/#primaryimage\"},\"thumbnailUrl\":\"https:\\\/\\\/jean-claude-bourdet.fr\\\/wp-content\\\/uploads\\\/2021\\\/12\\\/Sans-titre-1.png\",\"articleSection\":[\"Pr\u00e9sentation\"],\"inLanguage\":\"fr-FR\",\"potentialAction\":[{\"@type\":\"CommentAction\",\"name\":\"Comment\",\"target\":[\"https:\\\/\\\/jean-claude-bourdet.fr\\\/index.php\\\/2021\\\/12\\\/17\\\/presentation\\\/#respond\"]}]},{\"@type\":\"WebPage\",\"@id\":\"https:\\\/\\\/jean-claude-bourdet.fr\\\/index.php\\\/2021\\\/12\\\/17\\\/presentation\\\/\",\"url\":\"https:\\\/\\\/jean-claude-bourdet.fr\\\/index.php\\\/2021\\\/12\\\/17\\\/presentation\\\/\",\"name\":\"Pr\u00e9sentation - Jean-Claude Bourdet\",\"isPartOf\":{\"@id\":\"https:\\\/\\\/jean-claude-bourdet.fr\\\/#website\"},\"primaryImageOfPage\":{\"@id\":\"https:\\\/\\\/jean-claude-bourdet.fr\\\/index.php\\\/2021\\\/12\\\/17\\\/presentation\\\/#primaryimage\"},\"image\":{\"@id\":\"https:\\\/\\\/jean-claude-bourdet.fr\\\/index.php\\\/2021\\\/12\\\/17\\\/presentation\\\/#primaryimage\"},\"thumbnailUrl\":\"https:\\\/\\\/jean-claude-bourdet.fr\\\/wp-content\\\/uploads\\\/2021\\\/12\\\/Sans-titre-1.png\",\"datePublished\":\"2021-12-17T07:30:36+00:00\",\"dateModified\":\"2022-01-26T13:00:25+00:00\",\"breadcrumb\":{\"@id\":\"https:\\\/\\\/jean-claude-bourdet.fr\\\/index.php\\\/2021\\\/12\\\/17\\\/presentation\\\/#breadcrumb\"},\"inLanguage\":\"fr-FR\",\"potentialAction\":[{\"@type\":\"ReadAction\",\"target\":[\"https:\\\/\\\/jean-claude-bourdet.fr\\\/index.php\\\/2021\\\/12\\\/17\\\/presentation\\\/\"]}]},{\"@type\":\"ImageObject\",\"inLanguage\":\"fr-FR\",\"@id\":\"https:\\\/\\\/jean-claude-bourdet.fr\\\/index.php\\\/2021\\\/12\\\/17\\\/presentation\\\/#primaryimage\",\"url\":\"https:\\\/\\\/jean-claude-bourdet.fr\\\/wp-content\\\/uploads\\\/2021\\\/12\\\/Sans-titre-1.png\",\"contentUrl\":\"https:\\\/\\\/jean-claude-bourdet.fr\\\/wp-content\\\/uploads\\\/2021\\\/12\\\/Sans-titre-1.png\",\"width\":507,\"height\":877},{\"@type\":\"BreadcrumbList\",\"@id\":\"https:\\\/\\\/jean-claude-bourdet.fr\\\/index.php\\\/2021\\\/12\\\/17\\\/presentation\\\/#breadcrumb\",\"itemListElement\":[{\"@type\":\"ListItem\",\"position\":1,\"name\":\"Accueil\",\"item\":\"https:\\\/\\\/jean-claude-bourdet.fr\\\/\"},{\"@type\":\"ListItem\",\"position\":2,\"name\":\"Pr\u00e9sentation\"}]},{\"@type\":\"WebSite\",\"@id\":\"https:\\\/\\\/jean-claude-bourdet.fr\\\/#website\",\"url\":\"https:\\\/\\\/jean-claude-bourdet.fr\\\/\",\"name\":\"Jean-Claude Bourdet\",\"description\":\"Site d&#039;humeur, de go\u00fbt, de plaisir d&#039;\u00e9crire de lire et de partager\",\"publisher\":{\"@id\":\"https:\\\/\\\/jean-claude-bourdet.fr\\\/#\\\/schema\\\/person\\\/11164af92a68e466bbab7ed7d84f29bf\"},\"alternateName\":\"Jean-Claude Bourdet auteur\",\"potentialAction\":[{\"@type\":\"SearchAction\",\"target\":{\"@type\":\"EntryPoint\",\"urlTemplate\":\"https:\\\/\\\/jean-claude-bourdet.fr\\\/?s={search_term_string}\"},\"query-input\":{\"@type\":\"PropertyValueSpecification\",\"valueRequired\":true,\"valueName\":\"search_term_string\"}}],\"inLanguage\":\"fr-FR\"},{\"@type\":[\"Person\",\"Organization\"],\"@id\":\"https:\\\/\\\/jean-claude-bourdet.fr\\\/#\\\/schema\\\/person\\\/11164af92a68e466bbab7ed7d84f29bf\",\"name\":\"Jean-Claude Bourdet\",\"image\":{\"@type\":\"ImageObject\",\"inLanguage\":\"fr-FR\",\"@id\":\"https:\\\/\\\/jean-claude-bourdet.fr\\\/wp-content\\\/uploads\\\/2022\\\/06\\\/capture-video-1.png\",\"url\":\"https:\\\/\\\/jean-claude-bourdet.fr\\\/wp-content\\\/uploads\\\/2022\\\/06\\\/capture-video-1.png\",\"contentUrl\":\"https:\\\/\\\/jean-claude-bourdet.fr\\\/wp-content\\\/uploads\\\/2022\\\/06\\\/capture-video-1.png\",\"width\":835,\"height\":468,\"caption\":\"Jean-Claude Bourdet\"},\"logo\":{\"@id\":\"https:\\\/\\\/jean-claude-bourdet.fr\\\/wp-content\\\/uploads\\\/2022\\\/06\\\/capture-video-1.png\"}},{\"@type\":\"Person\",\"@id\":\"https:\\\/\\\/jean-claude-bourdet.fr\\\/#\\\/schema\\\/person\\\/636f44823ad44c33dcb0fd9f0dc3ff02\",\"name\":\"Jonathan Bouanani\",\"image\":{\"@type\":\"ImageObject\",\"inLanguage\":\"fr-FR\",\"@id\":\"https:\\\/\\\/secure.gravatar.com\\\/avatar\\\/c691c485d8129525cdfa6062c0da59f3d7589639f536ba8550c1730bba833175?s=96&d=mm&r=g\",\"url\":\"https:\\\/\\\/secure.gravatar.com\\\/avatar\\\/c691c485d8129525cdfa6062c0da59f3d7589639f536ba8550c1730bba833175?s=96&d=mm&r=g\",\"contentUrl\":\"https:\\\/\\\/secure.gravatar.com\\\/avatar\\\/c691c485d8129525cdfa6062c0da59f3d7589639f536ba8550c1730bba833175?s=96&d=mm&r=g\",\"caption\":\"Jonathan Bouanani\"},\"sameAs\":[\"https:\\\/\\\/www.euclide-informatique.fr\"],\"url\":\"https:\\\/\\\/jean-claude-bourdet.fr\\\/index.php\\\/author\\\/jonathan\\\/\"}]}<\/script>\n<!-- \/ Yoast SEO plugin. -->","yoast_head_json":{"title":"Pr\u00e9sentation - Jean-Claude Bourdet","robots":{"index":"index","follow":"follow","max-snippet":"max-snippet:-1","max-image-preview":"max-image-preview:large","max-video-preview":"max-video-preview:-1"},"canonical":"https:\/\/jean-claude-bourdet.fr\/index.php\/2021\/12\/17\/presentation\/","og_locale":"fr_FR","og_type":"article","og_title":"Pr\u00e9sentation - Jean-Claude Bourdet","og_description":"Je suis n\u00e9 \u00e0 Safi au Maroc en 1955, pr\u00e8s de la colline des potiers. Psychiatre, psychanalyste, membre soci\u00e9taire de l\u2019Association Psychanalytique de France, je demeure et exerce \u00e0 Bordeaux.Le go\u00fbt d\u2019assembler les mots me vient certainement de l\u2019enfance, des lectures, de la fa\u00e7on dont ma m\u00e8re institutrice de cours \u00e9l\u00e9mentaire faisait d\u00e9couvrir le plaisir [&hellip;]","og_url":"https:\/\/jean-claude-bourdet.fr\/index.php\/2021\/12\/17\/presentation\/","og_site_name":"Jean-Claude Bourdet","article_published_time":"2021-12-17T07:30:36+00:00","article_modified_time":"2022-01-26T13:00:25+00:00","og_image":[{"width":507,"height":877,"url":"https:\/\/jean-claude-bourdet.fr\/wp-content\/uploads\/2021\/12\/Sans-titre-1.png","type":"image\/png"}],"author":"Jonathan Bouanani","twitter_card":"summary_large_image","twitter_misc":{"\u00c9crit par":"Jonathan Bouanani","Dur\u00e9e de lecture estim\u00e9e":"2 minutes"},"schema":{"@context":"https:\/\/schema.org","@graph":[{"@type":"Article","@id":"https:\/\/jean-claude-bourdet.fr\/index.php\/2021\/12\/17\/presentation\/#article","isPartOf":{"@id":"https:\/\/jean-claude-bourdet.fr\/index.php\/2021\/12\/17\/presentation\/"},"author":{"name":"Jonathan Bouanani","@id":"https:\/\/jean-claude-bourdet.fr\/#\/schema\/person\/636f44823ad44c33dcb0fd9f0dc3ff02"},"headline":"Pr\u00e9sentation","datePublished":"2021-12-17T07:30:36+00:00","dateModified":"2022-01-26T13:00:25+00:00","mainEntityOfPage":{"@id":"https:\/\/jean-claude-bourdet.fr\/index.php\/2021\/12\/17\/presentation\/"},"wordCount":399,"commentCount":0,"publisher":{"@id":"https:\/\/jean-claude-bourdet.fr\/#\/schema\/person\/11164af92a68e466bbab7ed7d84f29bf"},"image":{"@id":"https:\/\/jean-claude-bourdet.fr\/index.php\/2021\/12\/17\/presentation\/#primaryimage"},"thumbnailUrl":"https:\/\/jean-claude-bourdet.fr\/wp-content\/uploads\/2021\/12\/Sans-titre-1.png","articleSection":["Pr\u00e9sentation"],"inLanguage":"fr-FR","potentialAction":[{"@type":"CommentAction","name":"Comment","target":["https:\/\/jean-claude-bourdet.fr\/index.php\/2021\/12\/17\/presentation\/#respond"]}]},{"@type":"WebPage","@id":"https:\/\/jean-claude-bourdet.fr\/index.php\/2021\/12\/17\/presentation\/","url":"https:\/\/jean-claude-bourdet.fr\/index.php\/2021\/12\/17\/presentation\/","name":"Pr\u00e9sentation - Jean-Claude Bourdet","isPartOf":{"@id":"https:\/\/jean-claude-bourdet.fr\/#website"},"primaryImageOfPage":{"@id":"https:\/\/jean-claude-bourdet.fr\/index.php\/2021\/12\/17\/presentation\/#primaryimage"},"image":{"@id":"https:\/\/jean-claude-bourdet.fr\/index.php\/2021\/12\/17\/presentation\/#primaryimage"},"thumbnailUrl":"https:\/\/jean-claude-bourdet.fr\/wp-content\/uploads\/2021\/12\/Sans-titre-1.png","datePublished":"2021-12-17T07:30:36+00:00","dateModified":"2022-01-26T13:00:25+00:00","breadcrumb":{"@id":"https:\/\/jean-claude-bourdet.fr\/index.php\/2021\/12\/17\/presentation\/#breadcrumb"},"inLanguage":"fr-FR","potentialAction":[{"@type":"ReadAction","target":["https:\/\/jean-claude-bourdet.fr\/index.php\/2021\/12\/17\/presentation\/"]}]},{"@type":"ImageObject","inLanguage":"fr-FR","@id":"https:\/\/jean-claude-bourdet.fr\/index.php\/2021\/12\/17\/presentation\/#primaryimage","url":"https:\/\/jean-claude-bourdet.fr\/wp-content\/uploads\/2021\/12\/Sans-titre-1.png","contentUrl":"https:\/\/jean-claude-bourdet.fr\/wp-content\/uploads\/2021\/12\/Sans-titre-1.png","width":507,"height":877},{"@type":"BreadcrumbList","@id":"https:\/\/jean-claude-bourdet.fr\/index.php\/2021\/12\/17\/presentation\/#breadcrumb","itemListElement":[{"@type":"ListItem","position":1,"name":"Accueil","item":"https:\/\/jean-claude-bourdet.fr\/"},{"@type":"ListItem","position":2,"name":"Pr\u00e9sentation"}]},{"@type":"WebSite","@id":"https:\/\/jean-claude-bourdet.fr\/#website","url":"https:\/\/jean-claude-bourdet.fr\/","name":"Jean-Claude Bourdet","description":"Site d&#039;humeur, de go\u00fbt, de plaisir d&#039;\u00e9crire de lire et de partager","publisher":{"@id":"https:\/\/jean-claude-bourdet.fr\/#\/schema\/person\/11164af92a68e466bbab7ed7d84f29bf"},"alternateName":"Jean-Claude Bourdet auteur","potentialAction":[{"@type":"SearchAction","target":{"@type":"EntryPoint","urlTemplate":"https:\/\/jean-claude-bourdet.fr\/?s={search_term_string}"},"query-input":{"@type":"PropertyValueSpecification","valueRequired":true,"valueName":"search_term_string"}}],"inLanguage":"fr-FR"},{"@type":["Person","Organization"],"@id":"https:\/\/jean-claude-bourdet.fr\/#\/schema\/person\/11164af92a68e466bbab7ed7d84f29bf","name":"Jean-Claude Bourdet","image":{"@type":"ImageObject","inLanguage":"fr-FR","@id":"https:\/\/jean-claude-bourdet.fr\/wp-content\/uploads\/2022\/06\/capture-video-1.png","url":"https:\/\/jean-claude-bourdet.fr\/wp-content\/uploads\/2022\/06\/capture-video-1.png","contentUrl":"https:\/\/jean-claude-bourdet.fr\/wp-content\/uploads\/2022\/06\/capture-video-1.png","width":835,"height":468,"caption":"Jean-Claude Bourdet"},"logo":{"@id":"https:\/\/jean-claude-bourdet.fr\/wp-content\/uploads\/2022\/06\/capture-video-1.png"}},{"@type":"Person","@id":"https:\/\/jean-claude-bourdet.fr\/#\/schema\/person\/636f44823ad44c33dcb0fd9f0dc3ff02","name":"Jonathan Bouanani","image":{"@type":"ImageObject","inLanguage":"fr-FR","@id":"https:\/\/secure.gravatar.com\/avatar\/c691c485d8129525cdfa6062c0da59f3d7589639f536ba8550c1730bba833175?s=96&d=mm&r=g","url":"https:\/\/secure.gravatar.com\/avatar\/c691c485d8129525cdfa6062c0da59f3d7589639f536ba8550c1730bba833175?s=96&d=mm&r=g","contentUrl":"https:\/\/secure.gravatar.com\/avatar\/c691c485d8129525cdfa6062c0da59f3d7589639f536ba8550c1730bba833175?s=96&d=mm&r=g","caption":"Jonathan Bouanani"},"sameAs":["https:\/\/www.euclide-informatique.fr"],"url":"https:\/\/jean-claude-bourdet.fr\/index.php\/author\/jonathan\/"}]}},"_links":{"self":[{"href":"https:\/\/jean-claude-bourdet.fr\/index.php\/wp-json\/wp\/v2\/posts\/649","targetHints":{"allow":["GET"]}}],"collection":[{"href":"https:\/\/jean-claude-bourdet.fr\/index.php\/wp-json\/wp\/v2\/posts"}],"about":[{"href":"https:\/\/jean-claude-bourdet.fr\/index.php\/wp-json\/wp\/v2\/types\/post"}],"author":[{"embeddable":true,"href":"https:\/\/jean-claude-bourdet.fr\/index.php\/wp-json\/wp\/v2\/users\/4"}],"replies":[{"embeddable":true,"href":"https:\/\/jean-claude-bourdet.fr\/index.php\/wp-json\/wp\/v2\/comments?post=649"}],"version-history":[{"count":11,"href":"https:\/\/jean-claude-bourdet.fr\/index.php\/wp-json\/wp\/v2\/posts\/649\/revisions"}],"predecessor-version":[{"id":1177,"href":"https:\/\/jean-claude-bourdet.fr\/index.php\/wp-json\/wp\/v2\/posts\/649\/revisions\/1177"}],"wp:featuredmedia":[{"embeddable":true,"href":"https:\/\/jean-claude-bourdet.fr\/index.php\/wp-json\/wp\/v2\/media\/671"}],"wp:attachment":[{"href":"https:\/\/jean-claude-bourdet.fr\/index.php\/wp-json\/wp\/v2\/media?parent=649"}],"wp:term":[{"taxonomy":"category","embeddable":true,"href":"https:\/\/jean-claude-bourdet.fr\/index.php\/wp-json\/wp\/v2\/categories?post=649"},{"taxonomy":"post_tag","embeddable":true,"href":"https:\/\/jean-claude-bourdet.fr\/index.php\/wp-json\/wp\/v2\/tags?post=649"}],"curies":[{"name":"wp","href":"https:\/\/api.w.org\/{rel}","templated":true}]}}