{"id":2333,"date":"2024-02-02T11:39:45","date_gmt":"2024-02-02T10:39:45","guid":{"rendered":"https:\/\/jean-claude-bourdet.fr\/index.php\/2024\/02\/02\/dis-grand-pere-paru-chez-azart-atelier-editions-en-2023\/"},"modified":"2024-02-02T11:44:03","modified_gmt":"2024-02-02T10:44:03","slug":"dis-grand-pere-paru-chez-azart-atelier-editions-en-2023","status":"publish","type":"post","link":"https:\/\/jean-claude-bourdet.fr\/index.php\/2024\/02\/02\/dis-grand-pere-paru-chez-azart-atelier-editions-en-2023\/","title":{"rendered":"Dis grand-p\u00e8re&#8230; paru chez Az&rsquo;Art atelier \u00e9ditions en 2023"},"content":{"rendered":"<p>Dis, grand-p\u00e8re quand tu \u00e9tais petit comment elles \u00e9taient tes mains ?<br \/>\nJean-Claude Bourdet<br \/>\naZ\u2019art atelier \u00e9ditions, Pamiers, 2023<br \/>\nA la lecture de ce livre, les souvenirs d\u2019enfance ressurgissent in\u00e9vitablement. Il s\u2019agit d\u2019un livre sur la transmission, d\u2019un savoir, d\u2019une philosophie de la vie, de l\u2019atmosph\u00e8re d\u2019une \u00e9poque r\u00e9volue.  Les histoires, courtes sont introduites par une comptine dont la forme est invariable, comme pour les contes populaires, seul le sujet de la narration varie selon le th\u00e8me qui va \u00eatre trait\u00e9, le maternel, l\u2019amiti\u00e9, les anc\u00eatres.<br \/>\nLe choix de la phrase de d\u00e9part sur \u00ab la main \u00bb est en lien avec l\u2019importance des mains dans mon enfance. La main s\u00e9curisante de l\u2019adulte qui pouvait \u00ab prendre un enfant par la main \u00bb pour l\u2019aider \u00e0 traverser le vaste monde, les mains rugueuses des travailleurs de la terre ou encore les mains soyeuses et douces des femmes, des intellectuels\u2026<br \/>\nLes personnages, quant \u00e0 eux, sont les familiers d\u2019une enfance rurale, l\u2019animal de compagnie, le salari\u00e9 agricole, l\u2019a\u00efeul ouvrier, l\u2019anc\u00eatre ch\u00e9ri, le voisin, l\u2019ami de la famille, le parent.  Le sujet permet aussi d\u2019\u00e9voquer une situation du quotidien, la maladie, la mort, l\u2018amiti\u00e9, les investissements professionnels\u2026<br \/>\nLa forme elle aussi est assez invariante, des histoires courtes avec une conclusion qui renvoie \u00e0 l\u2019univers infantile, au besoin qu\u2019a l\u2019enfant d\u2019identifier son monde en le nommant.<br \/>\nLe style est l\u00e9ger, d\u00e9licat avec un soucis du rythme, de l\u2019\u00e9l\u00e9gance de la tournure de phrase qui reste descriptive sans se priver d\u2019envol\u00e9e lyrique ou po\u00e9tique.<br \/>\nLes histoires relatent un univers infantile, \u00e0 la fois simple et ludique, dans lequel l\u2019insouciance c\u00f4toie la gravit\u00e9 de certaines situations. L\u2019alliance de l\u2019imaginaire, du r\u00eave, du souvenir, n\u00e9cessairement reconstruit, cr\u00e9ent une fiction aux accents de sinc\u00e9rit\u00e9 et de v\u00e9rit\u00e9 qui subliment un texte que les petits comme les grands sauront appr\u00e9cier.<br \/>\nLes dessins sont inspir\u00e9s de photos personnelles ou de centres d\u2019int\u00e9r\u00eat li\u00e9s \u00e0 mes activit\u00e9s professionnelles.<\/p>\n<p><strong><\/p>\n","protected":false},"excerpt":{"rendered":"<p>Dis, grand-p\u00e8re quand tu \u00e9tais petit comment elles \u00e9taient tes mains ? Jean-Claude Bourdet aZ\u2019art atelier \u00e9ditions, Pamiers, 2023 A la lecture de ce livre, les souvenirs d\u2019enfance ressurgissent in\u00e9vitablement. Il s\u2019agit d\u2019un livre sur la transmission, d\u2019un savoir, d\u2019une philosophie de la vie, de l\u2019atmosph\u00e8re d\u2019une \u00e9poque r\u00e9volue. Les histoires, courtes sont introduites par [&hellip;]<\/p>\n","protected":false},"author":3,"featured_media":2332,"comment_status":"closed","ping_status":"","sticky":false,"template":"","format":"standard","meta":{"_acf_changed":false,"footnotes":""},"categories":[14,22],"tags":[],"class_list":["post-2333","post","type-post","status-publish","format-standard","has-post-thumbnail","hentry","category-actualite","category-articles"],"acf":[],"yoast_head":"<!-- This site is optimized with the Yoast SEO plugin v27.5 - https:\/\/yoast.com\/product\/yoast-seo-wordpress\/ -->\n<title>Dis grand-p\u00e8re... paru chez Az&#039;Art atelier \u00e9ditions en 2023 - Jean-Claude Bourdet<\/title>\n<meta name=\"robots\" content=\"index, follow, max-snippet:-1, max-image-preview:large, max-video-preview:-1\" \/>\n<link rel=\"canonical\" href=\"https:\/\/jean-claude-bourdet.fr\/index.php\/2024\/02\/02\/dis-grand-pere-paru-chez-azart-atelier-editions-en-2023\/\" \/>\n<meta property=\"og:locale\" content=\"fr_FR\" \/>\n<meta property=\"og:type\" content=\"article\" \/>\n<meta property=\"og:title\" content=\"Dis grand-p\u00e8re... paru chez Az&#039;Art atelier \u00e9ditions en 2023 - Jean-Claude Bourdet\" \/>\n<meta property=\"og:description\" content=\"Dis, grand-p\u00e8re quand tu \u00e9tais petit comment elles \u00e9taient tes mains ? Jean-Claude Bourdet aZ\u2019art atelier \u00e9ditions, Pamiers, 2023 A la lecture de ce livre, les souvenirs d\u2019enfance ressurgissent in\u00e9vitablement. Il s\u2019agit d\u2019un livre sur la transmission, d\u2019un savoir, d\u2019une philosophie de la vie, de l\u2019atmosph\u00e8re d\u2019une \u00e9poque r\u00e9volue. Les histoires, courtes sont introduites par [&hellip;]\" \/>\n<meta property=\"og:url\" content=\"https:\/\/jean-claude-bourdet.fr\/index.php\/2024\/02\/02\/dis-grand-pere-paru-chez-azart-atelier-editions-en-2023\/\" \/>\n<meta property=\"og:site_name\" content=\"Jean-Claude Bourdet\" \/>\n<meta property=\"article:published_time\" content=\"2024-02-02T10:39:45+00:00\" \/>\n<meta property=\"article:modified_time\" content=\"2024-02-02T10:44:03+00:00\" \/>\n<meta property=\"og:image\" content=\"https:\/\/jean-claude-bourdet.fr\/wp-content\/uploads\/2024\/02\/P1060180-scaled-1.jpg\" \/>\n\t<meta property=\"og:image:width\" content=\"2560\" \/>\n\t<meta property=\"og:image:height\" content=\"1920\" \/>\n\t<meta property=\"og:image:type\" content=\"image\/jpeg\" \/>\n<meta name=\"author\" content=\"Jean-Claude Bourdet\" \/>\n<meta name=\"twitter:card\" content=\"summary_large_image\" \/>\n<meta name=\"twitter:label1\" content=\"\u00c9crit par\" \/>\n\t<meta name=\"twitter:data1\" content=\"Jean-Claude Bourdet\" \/>\n\t<meta name=\"twitter:label2\" content=\"Dur\u00e9e de lecture estim\u00e9e\" \/>\n\t<meta name=\"twitter:data2\" content=\"2 minutes\" \/>\n<script type=\"application\/ld+json\" class=\"yoast-schema-graph\">{\"@context\":\"https:\\\/\\\/schema.org\",\"@graph\":[{\"@type\":\"Article\",\"@id\":\"https:\\\/\\\/jean-claude-bourdet.fr\\\/index.php\\\/2024\\\/02\\\/02\\\/dis-grand-pere-paru-chez-azart-atelier-editions-en-2023\\\/#article\",\"isPartOf\":{\"@id\":\"https:\\\/\\\/jean-claude-bourdet.fr\\\/index.php\\\/2024\\\/02\\\/02\\\/dis-grand-pere-paru-chez-azart-atelier-editions-en-2023\\\/\"},\"author\":{\"name\":\"Jean-Claude Bourdet\",\"@id\":\"https:\\\/\\\/jean-claude-bourdet.fr\\\/#\\\/schema\\\/person\\\/11164af92a68e466bbab7ed7d84f29bf\"},\"headline\":\"Dis grand-p\u00e8re&#8230; paru chez Az&rsquo;Art atelier \u00e9ditions en 2023\",\"datePublished\":\"2024-02-02T10:39:45+00:00\",\"dateModified\":\"2024-02-02T10:44:03+00:00\",\"mainEntityOfPage\":{\"@id\":\"https:\\\/\\\/jean-claude-bourdet.fr\\\/index.php\\\/2024\\\/02\\\/02\\\/dis-grand-pere-paru-chez-azart-atelier-editions-en-2023\\\/\"},\"wordCount\":373,\"publisher\":{\"@id\":\"https:\\\/\\\/jean-claude-bourdet.fr\\\/#\\\/schema\\\/person\\\/11164af92a68e466bbab7ed7d84f29bf\"},\"image\":{\"@id\":\"https:\\\/\\\/jean-claude-bourdet.fr\\\/index.php\\\/2024\\\/02\\\/02\\\/dis-grand-pere-paru-chez-azart-atelier-editions-en-2023\\\/#primaryimage\"},\"thumbnailUrl\":\"https:\\\/\\\/jean-claude-bourdet.fr\\\/wp-content\\\/uploads\\\/2024\\\/02\\\/P1060180-scaled-1.jpg\",\"articleSection\":[\"Actualit\u00e9\",\"articles\"],\"inLanguage\":\"fr-FR\"},{\"@type\":\"WebPage\",\"@id\":\"https:\\\/\\\/jean-claude-bourdet.fr\\\/index.php\\\/2024\\\/02\\\/02\\\/dis-grand-pere-paru-chez-azart-atelier-editions-en-2023\\\/\",\"url\":\"https:\\\/\\\/jean-claude-bourdet.fr\\\/index.php\\\/2024\\\/02\\\/02\\\/dis-grand-pere-paru-chez-azart-atelier-editions-en-2023\\\/\",\"name\":\"Dis grand-p\u00e8re... paru chez Az'Art atelier \u00e9ditions en 2023 - Jean-Claude Bourdet\",\"isPartOf\":{\"@id\":\"https:\\\/\\\/jean-claude-bourdet.fr\\\/#website\"},\"primaryImageOfPage\":{\"@id\":\"https:\\\/\\\/jean-claude-bourdet.fr\\\/index.php\\\/2024\\\/02\\\/02\\\/dis-grand-pere-paru-chez-azart-atelier-editions-en-2023\\\/#primaryimage\"},\"image\":{\"@id\":\"https:\\\/\\\/jean-claude-bourdet.fr\\\/index.php\\\/2024\\\/02\\\/02\\\/dis-grand-pere-paru-chez-azart-atelier-editions-en-2023\\\/#primaryimage\"},\"thumbnailUrl\":\"https:\\\/\\\/jean-claude-bourdet.fr\\\/wp-content\\\/uploads\\\/2024\\\/02\\\/P1060180-scaled-1.jpg\",\"datePublished\":\"2024-02-02T10:39:45+00:00\",\"dateModified\":\"2024-02-02T10:44:03+00:00\",\"breadcrumb\":{\"@id\":\"https:\\\/\\\/jean-claude-bourdet.fr\\\/index.php\\\/2024\\\/02\\\/02\\\/dis-grand-pere-paru-chez-azart-atelier-editions-en-2023\\\/#breadcrumb\"},\"inLanguage\":\"fr-FR\",\"potentialAction\":[{\"@type\":\"ReadAction\",\"target\":[\"https:\\\/\\\/jean-claude-bourdet.fr\\\/index.php\\\/2024\\\/02\\\/02\\\/dis-grand-pere-paru-chez-azart-atelier-editions-en-2023\\\/\"]}]},{\"@type\":\"ImageObject\",\"inLanguage\":\"fr-FR\",\"@id\":\"https:\\\/\\\/jean-claude-bourdet.fr\\\/index.php\\\/2024\\\/02\\\/02\\\/dis-grand-pere-paru-chez-azart-atelier-editions-en-2023\\\/#primaryimage\",\"url\":\"https:\\\/\\\/jean-claude-bourdet.fr\\\/wp-content\\\/uploads\\\/2024\\\/02\\\/P1060180-scaled-1.jpg\",\"contentUrl\":\"https:\\\/\\\/jean-claude-bourdet.fr\\\/wp-content\\\/uploads\\\/2024\\\/02\\\/P1060180-scaled-1.jpg\",\"width\":2560,\"height\":1920},{\"@type\":\"BreadcrumbList\",\"@id\":\"https:\\\/\\\/jean-claude-bourdet.fr\\\/index.php\\\/2024\\\/02\\\/02\\\/dis-grand-pere-paru-chez-azart-atelier-editions-en-2023\\\/#breadcrumb\",\"itemListElement\":[{\"@type\":\"ListItem\",\"position\":1,\"name\":\"Accueil\",\"item\":\"https:\\\/\\\/jean-claude-bourdet.fr\\\/\"},{\"@type\":\"ListItem\",\"position\":2,\"name\":\"Dis grand-p\u00e8re&#8230; paru chez Az&rsquo;Art atelier \u00e9ditions en 2023\"}]},{\"@type\":\"WebSite\",\"@id\":\"https:\\\/\\\/jean-claude-bourdet.fr\\\/#website\",\"url\":\"https:\\\/\\\/jean-claude-bourdet.fr\\\/\",\"name\":\"Jean-Claude Bourdet\",\"description\":\"Site d&#039;humeur, de go\u00fbt, de plaisir d&#039;\u00e9crire de lire et de partager\",\"publisher\":{\"@id\":\"https:\\\/\\\/jean-claude-bourdet.fr\\\/#\\\/schema\\\/person\\\/11164af92a68e466bbab7ed7d84f29bf\"},\"alternateName\":\"Jean-Claude Bourdet auteur\",\"potentialAction\":[{\"@type\":\"SearchAction\",\"target\":{\"@type\":\"EntryPoint\",\"urlTemplate\":\"https:\\\/\\\/jean-claude-bourdet.fr\\\/?s={search_term_string}\"},\"query-input\":{\"@type\":\"PropertyValueSpecification\",\"valueRequired\":true,\"valueName\":\"search_term_string\"}}],\"inLanguage\":\"fr-FR\"},{\"@type\":[\"Person\",\"Organization\"],\"@id\":\"https:\\\/\\\/jean-claude-bourdet.fr\\\/#\\\/schema\\\/person\\\/11164af92a68e466bbab7ed7d84f29bf\",\"name\":\"Jean-Claude Bourdet\",\"image\":{\"@type\":\"ImageObject\",\"inLanguage\":\"fr-FR\",\"@id\":\"https:\\\/\\\/jean-claude-bourdet.fr\\\/wp-content\\\/uploads\\\/2022\\\/06\\\/capture-video-1.png\",\"url\":\"https:\\\/\\\/jean-claude-bourdet.fr\\\/wp-content\\\/uploads\\\/2022\\\/06\\\/capture-video-1.png\",\"contentUrl\":\"https:\\\/\\\/jean-claude-bourdet.fr\\\/wp-content\\\/uploads\\\/2022\\\/06\\\/capture-video-1.png\",\"width\":835,\"height\":468,\"caption\":\"Jean-Claude Bourdet\"},\"logo\":{\"@id\":\"https:\\\/\\\/jean-claude-bourdet.fr\\\/wp-content\\\/uploads\\\/2022\\\/06\\\/capture-video-1.png\"},\"url\":\"https:\\\/\\\/jean-claude-bourdet.fr\\\/index.php\\\/author\\\/jcbourdet\\\/\"}]}<\/script>\n<!-- \/ Yoast SEO plugin. -->","yoast_head_json":{"title":"Dis grand-p\u00e8re... paru chez Az'Art atelier \u00e9ditions en 2023 - Jean-Claude Bourdet","robots":{"index":"index","follow":"follow","max-snippet":"max-snippet:-1","max-image-preview":"max-image-preview:large","max-video-preview":"max-video-preview:-1"},"canonical":"https:\/\/jean-claude-bourdet.fr\/index.php\/2024\/02\/02\/dis-grand-pere-paru-chez-azart-atelier-editions-en-2023\/","og_locale":"fr_FR","og_type":"article","og_title":"Dis grand-p\u00e8re... paru chez Az'Art atelier \u00e9ditions en 2023 - Jean-Claude Bourdet","og_description":"Dis, grand-p\u00e8re quand tu \u00e9tais petit comment elles \u00e9taient tes mains ? Jean-Claude Bourdet aZ\u2019art atelier \u00e9ditions, Pamiers, 2023 A la lecture de ce livre, les souvenirs d\u2019enfance ressurgissent in\u00e9vitablement. Il s\u2019agit d\u2019un livre sur la transmission, d\u2019un savoir, d\u2019une philosophie de la vie, de l\u2019atmosph\u00e8re d\u2019une \u00e9poque r\u00e9volue. Les histoires, courtes sont introduites par [&hellip;]","og_url":"https:\/\/jean-claude-bourdet.fr\/index.php\/2024\/02\/02\/dis-grand-pere-paru-chez-azart-atelier-editions-en-2023\/","og_site_name":"Jean-Claude Bourdet","article_published_time":"2024-02-02T10:39:45+00:00","article_modified_time":"2024-02-02T10:44:03+00:00","og_image":[{"width":2560,"height":1920,"url":"https:\/\/jean-claude-bourdet.fr\/wp-content\/uploads\/2024\/02\/P1060180-scaled-1.jpg","type":"image\/jpeg"}],"author":"Jean-Claude Bourdet","twitter_card":"summary_large_image","twitter_misc":{"\u00c9crit par":"Jean-Claude Bourdet","Dur\u00e9e de lecture estim\u00e9e":"2 minutes"},"schema":{"@context":"https:\/\/schema.org","@graph":[{"@type":"Article","@id":"https:\/\/jean-claude-bourdet.fr\/index.php\/2024\/02\/02\/dis-grand-pere-paru-chez-azart-atelier-editions-en-2023\/#article","isPartOf":{"@id":"https:\/\/jean-claude-bourdet.fr\/index.php\/2024\/02\/02\/dis-grand-pere-paru-chez-azart-atelier-editions-en-2023\/"},"author":{"name":"Jean-Claude Bourdet","@id":"https:\/\/jean-claude-bourdet.fr\/#\/schema\/person\/11164af92a68e466bbab7ed7d84f29bf"},"headline":"Dis grand-p\u00e8re&#8230; paru chez Az&rsquo;Art atelier \u00e9ditions en 2023","datePublished":"2024-02-02T10:39:45+00:00","dateModified":"2024-02-02T10:44:03+00:00","mainEntityOfPage":{"@id":"https:\/\/jean-claude-bourdet.fr\/index.php\/2024\/02\/02\/dis-grand-pere-paru-chez-azart-atelier-editions-en-2023\/"},"wordCount":373,"publisher":{"@id":"https:\/\/jean-claude-bourdet.fr\/#\/schema\/person\/11164af92a68e466bbab7ed7d84f29bf"},"image":{"@id":"https:\/\/jean-claude-bourdet.fr\/index.php\/2024\/02\/02\/dis-grand-pere-paru-chez-azart-atelier-editions-en-2023\/#primaryimage"},"thumbnailUrl":"https:\/\/jean-claude-bourdet.fr\/wp-content\/uploads\/2024\/02\/P1060180-scaled-1.jpg","articleSection":["Actualit\u00e9","articles"],"inLanguage":"fr-FR"},{"@type":"WebPage","@id":"https:\/\/jean-claude-bourdet.fr\/index.php\/2024\/02\/02\/dis-grand-pere-paru-chez-azart-atelier-editions-en-2023\/","url":"https:\/\/jean-claude-bourdet.fr\/index.php\/2024\/02\/02\/dis-grand-pere-paru-chez-azart-atelier-editions-en-2023\/","name":"Dis grand-p\u00e8re... paru chez Az'Art atelier \u00e9ditions en 2023 - Jean-Claude Bourdet","isPartOf":{"@id":"https:\/\/jean-claude-bourdet.fr\/#website"},"primaryImageOfPage":{"@id":"https:\/\/jean-claude-bourdet.fr\/index.php\/2024\/02\/02\/dis-grand-pere-paru-chez-azart-atelier-editions-en-2023\/#primaryimage"},"image":{"@id":"https:\/\/jean-claude-bourdet.fr\/index.php\/2024\/02\/02\/dis-grand-pere-paru-chez-azart-atelier-editions-en-2023\/#primaryimage"},"thumbnailUrl":"https:\/\/jean-claude-bourdet.fr\/wp-content\/uploads\/2024\/02\/P1060180-scaled-1.jpg","datePublished":"2024-02-02T10:39:45+00:00","dateModified":"2024-02-02T10:44:03+00:00","breadcrumb":{"@id":"https:\/\/jean-claude-bourdet.fr\/index.php\/2024\/02\/02\/dis-grand-pere-paru-chez-azart-atelier-editions-en-2023\/#breadcrumb"},"inLanguage":"fr-FR","potentialAction":[{"@type":"ReadAction","target":["https:\/\/jean-claude-bourdet.fr\/index.php\/2024\/02\/02\/dis-grand-pere-paru-chez-azart-atelier-editions-en-2023\/"]}]},{"@type":"ImageObject","inLanguage":"fr-FR","@id":"https:\/\/jean-claude-bourdet.fr\/index.php\/2024\/02\/02\/dis-grand-pere-paru-chez-azart-atelier-editions-en-2023\/#primaryimage","url":"https:\/\/jean-claude-bourdet.fr\/wp-content\/uploads\/2024\/02\/P1060180-scaled-1.jpg","contentUrl":"https:\/\/jean-claude-bourdet.fr\/wp-content\/uploads\/2024\/02\/P1060180-scaled-1.jpg","width":2560,"height":1920},{"@type":"BreadcrumbList","@id":"https:\/\/jean-claude-bourdet.fr\/index.php\/2024\/02\/02\/dis-grand-pere-paru-chez-azart-atelier-editions-en-2023\/#breadcrumb","itemListElement":[{"@type":"ListItem","position":1,"name":"Accueil","item":"https:\/\/jean-claude-bourdet.fr\/"},{"@type":"ListItem","position":2,"name":"Dis grand-p\u00e8re&#8230; paru chez Az&rsquo;Art atelier \u00e9ditions en 2023"}]},{"@type":"WebSite","@id":"https:\/\/jean-claude-bourdet.fr\/#website","url":"https:\/\/jean-claude-bourdet.fr\/","name":"Jean-Claude Bourdet","description":"Site d&#039;humeur, de go\u00fbt, de plaisir d&#039;\u00e9crire de lire et de partager","publisher":{"@id":"https:\/\/jean-claude-bourdet.fr\/#\/schema\/person\/11164af92a68e466bbab7ed7d84f29bf"},"alternateName":"Jean-Claude Bourdet auteur","potentialAction":[{"@type":"SearchAction","target":{"@type":"EntryPoint","urlTemplate":"https:\/\/jean-claude-bourdet.fr\/?s={search_term_string}"},"query-input":{"@type":"PropertyValueSpecification","valueRequired":true,"valueName":"search_term_string"}}],"inLanguage":"fr-FR"},{"@type":["Person","Organization"],"@id":"https:\/\/jean-claude-bourdet.fr\/#\/schema\/person\/11164af92a68e466bbab7ed7d84f29bf","name":"Jean-Claude Bourdet","image":{"@type":"ImageObject","inLanguage":"fr-FR","@id":"https:\/\/jean-claude-bourdet.fr\/wp-content\/uploads\/2022\/06\/capture-video-1.png","url":"https:\/\/jean-claude-bourdet.fr\/wp-content\/uploads\/2022\/06\/capture-video-1.png","contentUrl":"https:\/\/jean-claude-bourdet.fr\/wp-content\/uploads\/2022\/06\/capture-video-1.png","width":835,"height":468,"caption":"Jean-Claude Bourdet"},"logo":{"@id":"https:\/\/jean-claude-bourdet.fr\/wp-content\/uploads\/2022\/06\/capture-video-1.png"},"url":"https:\/\/jean-claude-bourdet.fr\/index.php\/author\/jcbourdet\/"}]}},"_links":{"self":[{"href":"https:\/\/jean-claude-bourdet.fr\/index.php\/wp-json\/wp\/v2\/posts\/2333","targetHints":{"allow":["GET"]}}],"collection":[{"href":"https:\/\/jean-claude-bourdet.fr\/index.php\/wp-json\/wp\/v2\/posts"}],"about":[{"href":"https:\/\/jean-claude-bourdet.fr\/index.php\/wp-json\/wp\/v2\/types\/post"}],"author":[{"embeddable":true,"href":"https:\/\/jean-claude-bourdet.fr\/index.php\/wp-json\/wp\/v2\/users\/3"}],"replies":[{"embeddable":true,"href":"https:\/\/jean-claude-bourdet.fr\/index.php\/wp-json\/wp\/v2\/comments?post=2333"}],"version-history":[{"count":1,"href":"https:\/\/jean-claude-bourdet.fr\/index.php\/wp-json\/wp\/v2\/posts\/2333\/revisions"}],"predecessor-version":[{"id":2336,"href":"https:\/\/jean-claude-bourdet.fr\/index.php\/wp-json\/wp\/v2\/posts\/2333\/revisions\/2336"}],"wp:featuredmedia":[{"embeddable":true,"href":"https:\/\/jean-claude-bourdet.fr\/index.php\/wp-json\/wp\/v2\/media\/2332"}],"wp:attachment":[{"href":"https:\/\/jean-claude-bourdet.fr\/index.php\/wp-json\/wp\/v2\/media?parent=2333"}],"wp:term":[{"taxonomy":"category","embeddable":true,"href":"https:\/\/jean-claude-bourdet.fr\/index.php\/wp-json\/wp\/v2\/categories?post=2333"},{"taxonomy":"post_tag","embeddable":true,"href":"https:\/\/jean-claude-bourdet.fr\/index.php\/wp-json\/wp\/v2\/tags?post=2333"}],"curies":[{"name":"wp","href":"https:\/\/api.w.org\/{rel}","templated":true}]}}