{"id":1433,"date":"2023-01-27T18:07:11","date_gmt":"2023-01-27T17:07:11","guid":{"rendered":"https:\/\/jean-claude-bourdet.fr\/?p=1433"},"modified":"2023-02-06T12:12:31","modified_gmt":"2023-02-06T11:12:31","slug":"au-suivant","status":"publish","type":"post","link":"https:\/\/jean-claude-bourdet.fr\/index.php\/2023\/01\/27\/au-suivant\/","title":{"rendered":"Au suivant"},"content":{"rendered":"\n<p><em>Au suivant Au suivant<\/em> c\u2019\u00e9tait une chanson de Jacques Brel. <em>Au suivant Au suivant<\/em>. Il r\u00e9p\u00e9tait \u00e7a \u00e0 l\u2019infini depuis 15 ans.<\/p>\n\n\n\n<p><em>Au suivant Au suivant<\/em><\/p>\n\n\n\n<p>-Je vais r\u00e9p\u00e9ter \u00e7a \u00e0 l\u2019infini pendant 15 ans.<\/p>\n\n\n\n<p>Le sentiment de culpabilit\u00e9 \u00e9tait, cette ann\u00e9e, la principale raison de sa venue \u00e0 mon cabinet.<\/p>\n\n\n\n<p><em>Au suivant Au suivant<\/em>.<\/p>\n\n\n\n<p>Et de l\u2019arr\u00eat de ses s\u00e9ances.<\/p>\n\n\n\n<p><em>Au suivant Au suivant<\/em>.<\/p>\n\n\n\n<p>Cela aurait p\u00fb \u00eatre la devise de cet homme.<\/p>\n\n\n\n<p>Ne pas exister, au suivant&nbsp;!<\/p>\n\n\n\n<p>Il appliquait m\u00e9thodiquement les recettes de la chanson. Chaque nouvelle conqu\u00eate se traduisait par une invention. Il inventait sans cesses. Au suivant. Identifi\u00e9 au suppos\u00e9 objet de son d\u00e9sir. Les femmes d\u00e9filaient. Les trop claires, les brunes, les m\u00e9tis, les grandes, les petites. Il avait essay\u00e9 les naines, les ob\u00e8ses, les maigres, les amput\u00e9es, les syphilitiques, les saines, les m\u00e9res, les filles. Il r\u00e9pugnait \u00e0 l\u2019id\u00e9es des enfants, c\u2019\u00e9tait sa seule limite. La n\u00e9crophilie succ\u00e9dait \u00e0 l\u2019anesth\u00e9sie. Le crime ne l\u2019\u00e9ffrayait pas. Il ne se disait pas obs\u00e9d\u00e9&nbsp;, juste explorateur du sexe, insatiable mais satisfait de toutes les exp\u00e9riences qu\u2019il ex\u00e9cutait minutieusement. Il pr\u00e9parait tout avait pour cela des cahiers \u00e9crits d\u2019une plume s\u00e9che, \u00e0 l\u2019encre violette ou parme. Le code couleur \u00e9tait immuable.<\/p>\n\n\n\n<p><em>J\u2019avais juste vingt ans et nous \u00e9tions cent vingt.<\/em><\/p>\n\n\n\n<p><em>A \u00eatre le suivant de celui qui suivait.<\/em><\/p>\n\n\n\n<p><em>Au suivant<\/em><\/p>\n\n\n\n<p><em>Au suivant.<\/em><\/p>\n\n\n\n<p>Je devais \u00eatre le cinquanti\u00e8me th\u00e9rapeute \u00e0 qui il r\u00e9p\u00e9tait son histoire, sans en changer une virgule. Je le sus par un coll\u00e8gue qui avait not\u00e9 les cinq s\u00e9ances qu\u2019il accordait \u00e0 chaque nouveau psychiatre.\u00a0<\/p>\n\n\n\n<p>Je le sus car il resta.<\/p>\n\n\n\n<p>Je le rencontrais depuis maintenant une ann\u00e9e. Trois fois par semaine. Il disait avoir trente cinq ans ou peut-\u00eatre quarante. Tout c\u2019\u00e9tait enray\u00e9 depuis la perte de sa derni\u00e8re conqu\u00eate.<\/p>\n\n\n\n<p>Il avait cru que ce serait comme les autres fois, il&nbsp; s\u2019\u00e9tait d\u00e9brouill\u00e9 pour rencontrer la jeune femme au Carrefour Contact pr\u00e9s de la caserne des pompiers, il changeait souvent de lieu de chasse. Elle avait rapidement succomb\u00e9 \u00e0 son charme. Sa technique de chasse \u00e9tait tr\u00e8s ritualis\u00e9e mais il y avait toujours une marge d\u2019improvisation, c\u2019est ce qui lui procurait une redoutable efficacit\u00e9. Cette fois la jeune femme \u00e9tait accompagn\u00e9e d\u2019un gar\u00e7on de cinq ans qui chouinait et exigeait qu\u2019elle lui ach\u00e8te une voiture de police miniature, ce qu\u2019elle refusait obstin\u00e9ment d\u00e9clenchant des r\u00e9action de rage enfantine chez l\u2019enfant.<\/p>\n\n\n\n<p>Il s\u2019approcha d\u2019eux, profitant d\u2019une accalmie dans les gesticulations haineuses du petit monstre. Il se pencha et lui murmura quelque chose \u00e0 l\u2019oreille. L\u2019enfant se retourna vers lui et hurla de plus belle. La femme, exasp\u00e9r\u00e9e ne pu retenir un geste de col\u00e8re et lan\u00e7a une main vers la joue gauche du gamin qui hurla de plus belle.<\/p>\n\n\n\n<p>-Je suis d\u00e9sol\u00e9, je croyais pouvoir le raisonner en lui disant de se calmer mais manifestement votre fils est pris par une angoisse insurmontabme et domin\u00e9 par une r\u00e9action caract\u00e9rielle qui masque sa peur.<\/p>\n\n\n\n<p>-Ce n\u2019est pas mon fils, c\u2019est le fils de mon fr\u00e8re, je suis sa maraine, je l\u2019ai pour la journ\u00e9e. Il n\u2019est pas habitu\u00e9 \u00e0 ce qu\u2019on lui dise non&nbsp;!<\/p>\n\n\n\n<p>La suite fut assez fluide, il r\u00e9cup\u00e9ra le num\u00e9ro de t\u00e9l\u00e9phone de la jeune femme et rentra chez lui avec la promesse d\u2019un rendez-vous rapide.<\/p>\n\n\n\n<p>En s\u2019asseyant sur son canap\u00e9 en lin \u00e9cru. Il s\u2019affaisse un peu il devrait le taper pour en redresser l\u2019assise. Il sortit le bout de papier sur lequel \u00e9tait inscrit le num\u00e9ro. Il vit le visage anguleux, la peau laiteuse avec une rougeur nette de col\u00e8re retenue lorsqu\u2019elle s\u2019adressait \u00e0 son filleul, quelques ridules au coin de ses yeux marrons et de ses commissures de l\u00e8vre. La coiffure un peu d\u00e9faite, les m\u00e8ches qui se courbaient sur son front lorsqu\u2019elle a d\u00e9tourn\u00e9 le visage vers lui, sa silhouhette un peu lourde, dissimul\u00e9e sous un jogging trop large. Un Polo Club rose soulignait sa poitrine g\u00e9n\u00e9reuse. Elle n\u2019\u00e9tait pas belle, ni sportive. Mais lorsque le sourire per\u00e7a sur son visage il fut litt\u00e9ralement transport\u00e9 et ressentit un coup violent dans la poitrine.<\/p>\n\n\n\n<p>Je l\u2019entendis dire plus tard, qu\u2019il reconnaissait l\u00e0 le sourire de sa s\u0153ur ain\u00e9e Marie. Elle adorait Jacques Brel qui passait en boucle sur le mange disque dans sa chambre.<\/p>\n\n\n\n<p>Il aimait marcher. Ils \u00e9taient all\u00e9s sur les bords du Canal Lat\u00e9ral. Ils avaient pris la A 62, \u00e9taient sortis \u00e0 la hauteur de La R\u00e9ole et avaient gar\u00e9s la Zo\u00e9 devant l\u2019\u00e9glise de Fontet. Arriv\u00e9s \u00e0 l\u2019\u00e9cluse n\u00b0 48 de l\u2019Auriole elle avait racont\u00e9 une histoire qu\u2019elle attribuait \u00e0 la l\u00e9gende du Moulin d\u2019Auriole. La b\u00e2tisse du XVIII \u00e9 \u00e9talait ses fen\u00eatres pompeuses sur une fa\u00e7ade ouvri\u00e8re blanchie par le vent et la pluie. Le silence enveloppait les lieux. La voix de Marjolaine, c\u2019\u00e9tait son petit nom, cristallisait l\u2019attention de Benoit au point de lui faire froncer les sourcils qu\u2019il avait broussailleux. Un sourire crisp\u00e9 ornait son visage rond de quarantenaire nonchalant. La jeune femme, certaine de son effet contait une histoire qui les meuniers se transmettaient de g\u00e9n\u00e9ration en g\u00e9n\u00e9ration. Le Siroco ass\u00e9chait l\u2019air de cet apr\u00e8s-midi d\u2019octobre, il emportait les phrases qui se fracassaient contre le pont de l\u2019\u00e9cluse. Quelques mots, durs comme des galets ricochaient sur les circonvolutions cr\u00e2niennes de l\u2019homme.<\/p>\n\n\n\n<p>J\u2019ai oubli\u00e9 le contenu du r\u00e9cit qu\u2019elle avait invent\u00e9 pour s\u2019amuser et que l\u2019on peut retrouver dans un des huit tomes de <em>Contes et l\u00e9gendes de nos moulins<\/em>.<\/p>\n\n\n\n<p>Les mois pass\u00e9rent, un semblant de routine s\u2019\u00e9tait install\u00e9e, ils se retrouvaient deux fois par semaine, toujours chez elle, un vaste appartement rue des Rousselles, ils allaient diner en ville, voir un spectacle, un film, et il rentrait chez lui. Au bout de trois mois, un record pour lui, mais pour elle aussi lui disait-elle, ils am\u00e9nag\u00e8rent rue de la Rousselle au premier \u00e9tage de l\u2019immeuble de pierre blonde. Le quartier \u00e9tait anim\u00e9 en journ\u00e9e toute l\u2019ann\u00e9e. Un petit commerce artisanal et quelques ateliers d\u2019artistes tentaient de survivre \u00e0 l\u2019attrait du centre ville et de la rue Sainte Catherine. L\u2019\u00e9t\u00e9 les touristes empruntaient la rue class\u00e9e. Le soir venu les bars des quais s\u2019emplissaient d\u2019une foule bruyante qu\u2019ils fuyaient en se r\u00e9fugiant \u00e0 la campagne. Ils louaient un gite non loin de Belin B\u00e9liet sur les berges de l\u2019Eyre. Leur liaison dura deux ans, deux ans de calme et de s\u00e9r\u00e9nit\u00e9. Puis un soir o\u00f9 ils avaient rendez-vous au Ramblin\u2019 quai Richelieu, elle ne vint pas, il l\u2019appela, la rechercha en vain. Elle avait disparue. Il alla m\u00eame \u00e0 l\u2019Hotel de Police mais n\u2019\u00e9tant ni mari\u00e9s, ni pacc\u00e9s, sa d\u00e9marche resta lettre morte. Il attendit, laissant des messages inquiets, exacerb\u00e9s, effondr\u00e9s sur son r\u00e9pondeur. Il ne comprenait pas habitu\u00e9 \u00e0 maitriser le jeu, il s\u2019\u00e9ffondra. Au bout d\u2019un mois d\u2019errance, il re\u00e7ut une lettre post\u00e9e d\u2019un pays \u00e9tranger. Elle lui demandait de l\u2019oublier, lui \u00e9crivait qu\u2019ils avaient v\u00e9cu une histoire merveilleuse qu\u2019elle n\u2019oublirait jamais mais qui s\u2019arr\u00eatait l\u00e0. Il essaya en vain de poursuivre ses recherches mais du se r\u00e9soudre \u00e0 accepter sa perte.<\/p>\n\n\n\n<p>Un ami commun lui indiqua mon adresse. Il vint sonner \u00e0 la porte de mon cabinet.<\/p>\n\n\n\n<p>Au suivant Au suivant<\/p>\n\n\n\n<p>FIN<\/p>\n","protected":false},"excerpt":{"rendered":"<p>Au suivant Au suivant c\u2019\u00e9tait une chanson de Jacques Brel. Au suivant Au suivant. Il r\u00e9p\u00e9tait \u00e7a \u00e0 l\u2019infini depuis 15 ans. Au suivant Au suivant -Je vais r\u00e9p\u00e9ter \u00e7a \u00e0 l\u2019infini pendant 15 ans. Le sentiment de culpabilit\u00e9 \u00e9tait, cette ann\u00e9e, la principale raison de sa venue \u00e0 mon cabinet. Au suivant Au suivant. [&hellip;]<\/p>\n","protected":false},"author":3,"featured_media":1435,"comment_status":"closed","ping_status":"closed","sticky":false,"template":"","format":"standard","meta":{"_acf_changed":false,"footnotes":""},"categories":[20],"tags":[],"class_list":["post-1433","post","type-post","status-publish","format-standard","has-post-thumbnail","hentry","category-nouvelles"],"acf":[],"yoast_head":"<!-- This site is optimized with the Yoast SEO plugin v27.5 - https:\/\/yoast.com\/product\/yoast-seo-wordpress\/ -->\n<title>Au suivant - Jean-Claude Bourdet<\/title>\n<meta name=\"robots\" content=\"index, follow, max-snippet:-1, max-image-preview:large, max-video-preview:-1\" \/>\n<link rel=\"canonical\" href=\"https:\/\/jean-claude-bourdet.fr\/index.php\/2023\/01\/27\/au-suivant\/\" \/>\n<meta property=\"og:locale\" content=\"fr_FR\" \/>\n<meta property=\"og:type\" content=\"article\" \/>\n<meta property=\"og:title\" content=\"Au suivant - Jean-Claude Bourdet\" \/>\n<meta property=\"og:description\" content=\"Au suivant Au suivant c\u2019\u00e9tait une chanson de Jacques Brel. Au suivant Au suivant. Il r\u00e9p\u00e9tait \u00e7a \u00e0 l\u2019infini depuis 15 ans. Au suivant Au suivant -Je vais r\u00e9p\u00e9ter \u00e7a \u00e0 l\u2019infini pendant 15 ans. Le sentiment de culpabilit\u00e9 \u00e9tait, cette ann\u00e9e, la principale raison de sa venue \u00e0 mon cabinet. Au suivant Au suivant. [&hellip;]\" \/>\n<meta property=\"og:url\" content=\"https:\/\/jean-claude-bourdet.fr\/index.php\/2023\/01\/27\/au-suivant\/\" \/>\n<meta property=\"og:site_name\" content=\"Jean-Claude Bourdet\" \/>\n<meta property=\"article:published_time\" content=\"2023-01-27T17:07:11+00:00\" \/>\n<meta property=\"article:modified_time\" content=\"2023-02-06T11:12:31+00:00\" \/>\n<meta property=\"og:image\" content=\"https:\/\/jean-claude-bourdet.fr\/wp-content\/uploads\/2023\/01\/Au-suivant.jpg\" \/>\n\t<meta property=\"og:image:width\" content=\"463\" \/>\n\t<meta property=\"og:image:height\" content=\"640\" \/>\n\t<meta property=\"og:image:type\" content=\"image\/jpeg\" \/>\n<meta name=\"author\" content=\"Jean-Claude Bourdet\" \/>\n<meta name=\"twitter:card\" content=\"summary_large_image\" \/>\n<meta name=\"twitter:label1\" content=\"\u00c9crit par\" \/>\n\t<meta name=\"twitter:data1\" content=\"Jean-Claude Bourdet\" \/>\n\t<meta name=\"twitter:label2\" content=\"Dur\u00e9e de lecture estim\u00e9e\" \/>\n\t<meta name=\"twitter:data2\" content=\"7 minutes\" \/>\n<script type=\"application\/ld+json\" class=\"yoast-schema-graph\">{\"@context\":\"https:\\\/\\\/schema.org\",\"@graph\":[{\"@type\":\"Article\",\"@id\":\"https:\\\/\\\/jean-claude-bourdet.fr\\\/index.php\\\/2023\\\/01\\\/27\\\/au-suivant\\\/#article\",\"isPartOf\":{\"@id\":\"https:\\\/\\\/jean-claude-bourdet.fr\\\/index.php\\\/2023\\\/01\\\/27\\\/au-suivant\\\/\"},\"author\":{\"name\":\"Jean-Claude Bourdet\",\"@id\":\"https:\\\/\\\/jean-claude-bourdet.fr\\\/#\\\/schema\\\/person\\\/11164af92a68e466bbab7ed7d84f29bf\"},\"headline\":\"Au suivant\",\"datePublished\":\"2023-01-27T17:07:11+00:00\",\"dateModified\":\"2023-02-06T11:12:31+00:00\",\"mainEntityOfPage\":{\"@id\":\"https:\\\/\\\/jean-claude-bourdet.fr\\\/index.php\\\/2023\\\/01\\\/27\\\/au-suivant\\\/\"},\"wordCount\":1354,\"publisher\":{\"@id\":\"https:\\\/\\\/jean-claude-bourdet.fr\\\/#\\\/schema\\\/person\\\/11164af92a68e466bbab7ed7d84f29bf\"},\"image\":{\"@id\":\"https:\\\/\\\/jean-claude-bourdet.fr\\\/index.php\\\/2023\\\/01\\\/27\\\/au-suivant\\\/#primaryimage\"},\"thumbnailUrl\":\"https:\\\/\\\/jean-claude-bourdet.fr\\\/wp-content\\\/uploads\\\/2023\\\/01\\\/Au-suivant.jpg\",\"articleSection\":[\"Nouvelles\"],\"inLanguage\":\"fr-FR\"},{\"@type\":\"WebPage\",\"@id\":\"https:\\\/\\\/jean-claude-bourdet.fr\\\/index.php\\\/2023\\\/01\\\/27\\\/au-suivant\\\/\",\"url\":\"https:\\\/\\\/jean-claude-bourdet.fr\\\/index.php\\\/2023\\\/01\\\/27\\\/au-suivant\\\/\",\"name\":\"Au suivant - Jean-Claude Bourdet\",\"isPartOf\":{\"@id\":\"https:\\\/\\\/jean-claude-bourdet.fr\\\/#website\"},\"primaryImageOfPage\":{\"@id\":\"https:\\\/\\\/jean-claude-bourdet.fr\\\/index.php\\\/2023\\\/01\\\/27\\\/au-suivant\\\/#primaryimage\"},\"image\":{\"@id\":\"https:\\\/\\\/jean-claude-bourdet.fr\\\/index.php\\\/2023\\\/01\\\/27\\\/au-suivant\\\/#primaryimage\"},\"thumbnailUrl\":\"https:\\\/\\\/jean-claude-bourdet.fr\\\/wp-content\\\/uploads\\\/2023\\\/01\\\/Au-suivant.jpg\",\"datePublished\":\"2023-01-27T17:07:11+00:00\",\"dateModified\":\"2023-02-06T11:12:31+00:00\",\"breadcrumb\":{\"@id\":\"https:\\\/\\\/jean-claude-bourdet.fr\\\/index.php\\\/2023\\\/01\\\/27\\\/au-suivant\\\/#breadcrumb\"},\"inLanguage\":\"fr-FR\",\"potentialAction\":[{\"@type\":\"ReadAction\",\"target\":[\"https:\\\/\\\/jean-claude-bourdet.fr\\\/index.php\\\/2023\\\/01\\\/27\\\/au-suivant\\\/\"]}]},{\"@type\":\"ImageObject\",\"inLanguage\":\"fr-FR\",\"@id\":\"https:\\\/\\\/jean-claude-bourdet.fr\\\/index.php\\\/2023\\\/01\\\/27\\\/au-suivant\\\/#primaryimage\",\"url\":\"https:\\\/\\\/jean-claude-bourdet.fr\\\/wp-content\\\/uploads\\\/2023\\\/01\\\/Au-suivant.jpg\",\"contentUrl\":\"https:\\\/\\\/jean-claude-bourdet.fr\\\/wp-content\\\/uploads\\\/2023\\\/01\\\/Au-suivant.jpg\",\"width\":463,\"height\":640},{\"@type\":\"BreadcrumbList\",\"@id\":\"https:\\\/\\\/jean-claude-bourdet.fr\\\/index.php\\\/2023\\\/01\\\/27\\\/au-suivant\\\/#breadcrumb\",\"itemListElement\":[{\"@type\":\"ListItem\",\"position\":1,\"name\":\"Accueil\",\"item\":\"https:\\\/\\\/jean-claude-bourdet.fr\\\/\"},{\"@type\":\"ListItem\",\"position\":2,\"name\":\"Au suivant\"}]},{\"@type\":\"WebSite\",\"@id\":\"https:\\\/\\\/jean-claude-bourdet.fr\\\/#website\",\"url\":\"https:\\\/\\\/jean-claude-bourdet.fr\\\/\",\"name\":\"Jean-Claude Bourdet\",\"description\":\"Site d&#039;humeur, de go\u00fbt, de plaisir d&#039;\u00e9crire de lire et de partager\",\"publisher\":{\"@id\":\"https:\\\/\\\/jean-claude-bourdet.fr\\\/#\\\/schema\\\/person\\\/11164af92a68e466bbab7ed7d84f29bf\"},\"alternateName\":\"Jean-Claude Bourdet auteur\",\"potentialAction\":[{\"@type\":\"SearchAction\",\"target\":{\"@type\":\"EntryPoint\",\"urlTemplate\":\"https:\\\/\\\/jean-claude-bourdet.fr\\\/?s={search_term_string}\"},\"query-input\":{\"@type\":\"PropertyValueSpecification\",\"valueRequired\":true,\"valueName\":\"search_term_string\"}}],\"inLanguage\":\"fr-FR\"},{\"@type\":[\"Person\",\"Organization\"],\"@id\":\"https:\\\/\\\/jean-claude-bourdet.fr\\\/#\\\/schema\\\/person\\\/11164af92a68e466bbab7ed7d84f29bf\",\"name\":\"Jean-Claude Bourdet\",\"image\":{\"@type\":\"ImageObject\",\"inLanguage\":\"fr-FR\",\"@id\":\"https:\\\/\\\/jean-claude-bourdet.fr\\\/wp-content\\\/uploads\\\/2022\\\/06\\\/capture-video-1.png\",\"url\":\"https:\\\/\\\/jean-claude-bourdet.fr\\\/wp-content\\\/uploads\\\/2022\\\/06\\\/capture-video-1.png\",\"contentUrl\":\"https:\\\/\\\/jean-claude-bourdet.fr\\\/wp-content\\\/uploads\\\/2022\\\/06\\\/capture-video-1.png\",\"width\":835,\"height\":468,\"caption\":\"Jean-Claude Bourdet\"},\"logo\":{\"@id\":\"https:\\\/\\\/jean-claude-bourdet.fr\\\/wp-content\\\/uploads\\\/2022\\\/06\\\/capture-video-1.png\"},\"url\":\"https:\\\/\\\/jean-claude-bourdet.fr\\\/index.php\\\/author\\\/jcbourdet\\\/\"}]}<\/script>\n<!-- \/ Yoast SEO plugin. -->","yoast_head_json":{"title":"Au suivant - Jean-Claude Bourdet","robots":{"index":"index","follow":"follow","max-snippet":"max-snippet:-1","max-image-preview":"max-image-preview:large","max-video-preview":"max-video-preview:-1"},"canonical":"https:\/\/jean-claude-bourdet.fr\/index.php\/2023\/01\/27\/au-suivant\/","og_locale":"fr_FR","og_type":"article","og_title":"Au suivant - Jean-Claude Bourdet","og_description":"Au suivant Au suivant c\u2019\u00e9tait une chanson de Jacques Brel. Au suivant Au suivant. Il r\u00e9p\u00e9tait \u00e7a \u00e0 l\u2019infini depuis 15 ans. Au suivant Au suivant -Je vais r\u00e9p\u00e9ter \u00e7a \u00e0 l\u2019infini pendant 15 ans. Le sentiment de culpabilit\u00e9 \u00e9tait, cette ann\u00e9e, la principale raison de sa venue \u00e0 mon cabinet. Au suivant Au suivant. [&hellip;]","og_url":"https:\/\/jean-claude-bourdet.fr\/index.php\/2023\/01\/27\/au-suivant\/","og_site_name":"Jean-Claude Bourdet","article_published_time":"2023-01-27T17:07:11+00:00","article_modified_time":"2023-02-06T11:12:31+00:00","og_image":[{"width":463,"height":640,"url":"https:\/\/jean-claude-bourdet.fr\/wp-content\/uploads\/2023\/01\/Au-suivant.jpg","type":"image\/jpeg"}],"author":"Jean-Claude Bourdet","twitter_card":"summary_large_image","twitter_misc":{"\u00c9crit par":"Jean-Claude Bourdet","Dur\u00e9e de lecture estim\u00e9e":"7 minutes"},"schema":{"@context":"https:\/\/schema.org","@graph":[{"@type":"Article","@id":"https:\/\/jean-claude-bourdet.fr\/index.php\/2023\/01\/27\/au-suivant\/#article","isPartOf":{"@id":"https:\/\/jean-claude-bourdet.fr\/index.php\/2023\/01\/27\/au-suivant\/"},"author":{"name":"Jean-Claude Bourdet","@id":"https:\/\/jean-claude-bourdet.fr\/#\/schema\/person\/11164af92a68e466bbab7ed7d84f29bf"},"headline":"Au suivant","datePublished":"2023-01-27T17:07:11+00:00","dateModified":"2023-02-06T11:12:31+00:00","mainEntityOfPage":{"@id":"https:\/\/jean-claude-bourdet.fr\/index.php\/2023\/01\/27\/au-suivant\/"},"wordCount":1354,"publisher":{"@id":"https:\/\/jean-claude-bourdet.fr\/#\/schema\/person\/11164af92a68e466bbab7ed7d84f29bf"},"image":{"@id":"https:\/\/jean-claude-bourdet.fr\/index.php\/2023\/01\/27\/au-suivant\/#primaryimage"},"thumbnailUrl":"https:\/\/jean-claude-bourdet.fr\/wp-content\/uploads\/2023\/01\/Au-suivant.jpg","articleSection":["Nouvelles"],"inLanguage":"fr-FR"},{"@type":"WebPage","@id":"https:\/\/jean-claude-bourdet.fr\/index.php\/2023\/01\/27\/au-suivant\/","url":"https:\/\/jean-claude-bourdet.fr\/index.php\/2023\/01\/27\/au-suivant\/","name":"Au suivant - Jean-Claude Bourdet","isPartOf":{"@id":"https:\/\/jean-claude-bourdet.fr\/#website"},"primaryImageOfPage":{"@id":"https:\/\/jean-claude-bourdet.fr\/index.php\/2023\/01\/27\/au-suivant\/#primaryimage"},"image":{"@id":"https:\/\/jean-claude-bourdet.fr\/index.php\/2023\/01\/27\/au-suivant\/#primaryimage"},"thumbnailUrl":"https:\/\/jean-claude-bourdet.fr\/wp-content\/uploads\/2023\/01\/Au-suivant.jpg","datePublished":"2023-01-27T17:07:11+00:00","dateModified":"2023-02-06T11:12:31+00:00","breadcrumb":{"@id":"https:\/\/jean-claude-bourdet.fr\/index.php\/2023\/01\/27\/au-suivant\/#breadcrumb"},"inLanguage":"fr-FR","potentialAction":[{"@type":"ReadAction","target":["https:\/\/jean-claude-bourdet.fr\/index.php\/2023\/01\/27\/au-suivant\/"]}]},{"@type":"ImageObject","inLanguage":"fr-FR","@id":"https:\/\/jean-claude-bourdet.fr\/index.php\/2023\/01\/27\/au-suivant\/#primaryimage","url":"https:\/\/jean-claude-bourdet.fr\/wp-content\/uploads\/2023\/01\/Au-suivant.jpg","contentUrl":"https:\/\/jean-claude-bourdet.fr\/wp-content\/uploads\/2023\/01\/Au-suivant.jpg","width":463,"height":640},{"@type":"BreadcrumbList","@id":"https:\/\/jean-claude-bourdet.fr\/index.php\/2023\/01\/27\/au-suivant\/#breadcrumb","itemListElement":[{"@type":"ListItem","position":1,"name":"Accueil","item":"https:\/\/jean-claude-bourdet.fr\/"},{"@type":"ListItem","position":2,"name":"Au suivant"}]},{"@type":"WebSite","@id":"https:\/\/jean-claude-bourdet.fr\/#website","url":"https:\/\/jean-claude-bourdet.fr\/","name":"Jean-Claude Bourdet","description":"Site d&#039;humeur, de go\u00fbt, de plaisir d&#039;\u00e9crire de lire et de partager","publisher":{"@id":"https:\/\/jean-claude-bourdet.fr\/#\/schema\/person\/11164af92a68e466bbab7ed7d84f29bf"},"alternateName":"Jean-Claude Bourdet auteur","potentialAction":[{"@type":"SearchAction","target":{"@type":"EntryPoint","urlTemplate":"https:\/\/jean-claude-bourdet.fr\/?s={search_term_string}"},"query-input":{"@type":"PropertyValueSpecification","valueRequired":true,"valueName":"search_term_string"}}],"inLanguage":"fr-FR"},{"@type":["Person","Organization"],"@id":"https:\/\/jean-claude-bourdet.fr\/#\/schema\/person\/11164af92a68e466bbab7ed7d84f29bf","name":"Jean-Claude Bourdet","image":{"@type":"ImageObject","inLanguage":"fr-FR","@id":"https:\/\/jean-claude-bourdet.fr\/wp-content\/uploads\/2022\/06\/capture-video-1.png","url":"https:\/\/jean-claude-bourdet.fr\/wp-content\/uploads\/2022\/06\/capture-video-1.png","contentUrl":"https:\/\/jean-claude-bourdet.fr\/wp-content\/uploads\/2022\/06\/capture-video-1.png","width":835,"height":468,"caption":"Jean-Claude Bourdet"},"logo":{"@id":"https:\/\/jean-claude-bourdet.fr\/wp-content\/uploads\/2022\/06\/capture-video-1.png"},"url":"https:\/\/jean-claude-bourdet.fr\/index.php\/author\/jcbourdet\/"}]}},"_links":{"self":[{"href":"https:\/\/jean-claude-bourdet.fr\/index.php\/wp-json\/wp\/v2\/posts\/1433","targetHints":{"allow":["GET"]}}],"collection":[{"href":"https:\/\/jean-claude-bourdet.fr\/index.php\/wp-json\/wp\/v2\/posts"}],"about":[{"href":"https:\/\/jean-claude-bourdet.fr\/index.php\/wp-json\/wp\/v2\/types\/post"}],"author":[{"embeddable":true,"href":"https:\/\/jean-claude-bourdet.fr\/index.php\/wp-json\/wp\/v2\/users\/3"}],"replies":[{"embeddable":true,"href":"https:\/\/jean-claude-bourdet.fr\/index.php\/wp-json\/wp\/v2\/comments?post=1433"}],"version-history":[{"count":3,"href":"https:\/\/jean-claude-bourdet.fr\/index.php\/wp-json\/wp\/v2\/posts\/1433\/revisions"}],"predecessor-version":[{"id":1441,"href":"https:\/\/jean-claude-bourdet.fr\/index.php\/wp-json\/wp\/v2\/posts\/1433\/revisions\/1441"}],"wp:featuredmedia":[{"embeddable":true,"href":"https:\/\/jean-claude-bourdet.fr\/index.php\/wp-json\/wp\/v2\/media\/1435"}],"wp:attachment":[{"href":"https:\/\/jean-claude-bourdet.fr\/index.php\/wp-json\/wp\/v2\/media?parent=1433"}],"wp:term":[{"taxonomy":"category","embeddable":true,"href":"https:\/\/jean-claude-bourdet.fr\/index.php\/wp-json\/wp\/v2\/categories?post=1433"},{"taxonomy":"post_tag","embeddable":true,"href":"https:\/\/jean-claude-bourdet.fr\/index.php\/wp-json\/wp\/v2\/tags?post=1433"}],"curies":[{"name":"wp","href":"https:\/\/api.w.org\/{rel}","templated":true}]}}