{"id":1330,"date":"2022-02-02T10:25:34","date_gmt":"2022-02-02T09:25:34","guid":{"rendered":"https:\/\/jean-claude-bourdet.fr\/?p=1330"},"modified":"2022-03-02T09:45:56","modified_gmt":"2022-03-02T08:45:56","slug":"latelier-vert-bois","status":"publish","type":"post","link":"https:\/\/jean-claude-bourdet.fr\/index.php\/2022\/02\/02\/latelier-vert-bois\/","title":{"rendered":"L&rsquo;atelier vert bois"},"content":{"rendered":"\n<p><\/p>\n\n\n\n<p>L\u2019atelier Vertbois \u00e0 la m\u00e9moire des gestes pr\u00e9cis, du bruit mat du maillet sur la gouge Scharweatcher, de l\u2019odeur douce des copeaux parsem\u00e9s sur l\u2019antique \u00e9tabli. L\u2019\u00e9paisse planche de merisier est tenue par un \u00e9tau solide. Cathy Bourdet concert\u00e9e, pench\u00e9e sur la planche, suit le dessin pr\u00e9cis des drap\u00e9s de la robe du personnage qui surgit. Pomp\u00e9i, la lumi\u00e8re crue d\u2019un apr\u00e8s midi \u00e9crase la rue d\u00e9serte, un mouvement l\u00e9ger croise le regard du h\u00e9ros du roman de Wilhelm Jensen : Gradiva, \u00ab&nbsp;Celle qui marche&nbsp;\u00bb. Elle deviendra l\u2018h\u00e9ro\u00efne du c\u00e9l\u00e8bre essai de Sigmund Freud \u00ab D\u00e9lires et r\u00eaves dans la Gradiva de Jensen&nbsp; \u00bb(1906).<\/p>\n\n\n\n<p>Le bas-relief est au mus\u00e9e du Vatican. Les surr\u00e9alistes, Roland Barthes, et beaucoup d\u2019autres ont c\u00e9l\u00e9br\u00e9 la beaut\u00e9 de la d\u00e9marche de la jeune femme dans la Pomp\u00e9i d\u00e9vast\u00e9e par l\u2019\u00e9ruption de l\u2019Etna.<\/p>\n\n\n\n<p>En acceptant de reprendre cette oeuvre, en 2015, Cathy Bourdet l\u2019inscrit dans la s\u00e9rie des Dames commenc\u00e9es en 1990.<\/p>\n\n\n\n<p>Cathy Bourdet est n\u00e9e \u00e0 Meyronne, dans une petite maison au bord de la Dordogne. Elle partage son enfance entre les balades le long des bois et des rives abruptes et sauvages de l\u2019Auvez\u00e8re et la douceur des plaines alluviales de la vall\u00e9e de la Dordogne.<\/p>\n\n\n\n<p>Elle apprend tr\u00e8s t\u00f4t \u00e0 reconnaitre les principales essences de bois en parcourant, avec ses fr\u00e8res et ses camarades les sentiers bord\u00e9s de ch\u00e2taignes qui entourent le petit village de Savignac Ledrier.<\/p>\n\n\n\n<p>C\u2019est au contact rugueux de ces enfants libres qu\u2019elle acquiers, ce qui la d\u00e9\ufb01ni, le go\u00fbt pour les rencontres fortes, la \ufb01d\u00e9lit\u00e9 en amiti\u00e9 et une forme d\u2019ind\u00e9pendance qu\u2019elle cultive pour pr\u00e9server son intimit\u00e9.<\/p>\n\n\n\n<p>Ce n\u2019est que bien plus tard, d\u00e9j\u00e0 m\u00e8re de famille, qu\u2019elle d\u00e9couvre sa passion pour le bois et la sculpture. Elle a toujours aim\u00e9 cr\u00e9er, transformer, elle a essay\u00e9 divers mat\u00e9riaux, les \u00e9maux, la laine, les \ufb01ls de coton ; abats jours, tapisserie, tricots ont \u00e9t\u00e9 le terrain d\u2019exp\u00e9rimentation d\u2019une sensorialit\u00e9 toujours en alerte.<\/p>\n\n\n\n<p>C\u2019est dans le cadre de son travail comme in\ufb01rmi\u00e8re en service de psychiatrie qu\u2019elle a pu se former. La rencontre avec le Docteur Jean Broustra, en 1987, a \u00e9t\u00e9 d\u00e9terminante.&nbsp;<\/p>\n\n\n\n<p>\u00ab&nbsp;C&rsquo;est Jean Broustra qui m&rsquo;a permis de me former pour accompagner des patients \u00e0 travers la sculpture. J&rsquo;ai fait un atelier de sculpture sur bois deux fois par semaine pendant 28 ans. Le contact avec les patients, avec la m\u00e9diation de la sculpture du bois, a \u00e9t\u00e9 d\u2019une grande richesse. L\u2019\u00e9laboration avec l\u2019\u00e9quipe autour des ateliers d\u2019expression th\u00e9rapeutiques a toujours fait partie de son travail de cr\u00e9ateur.&nbsp;\u00bb<\/p>\n\n\n\n<p>Une autre \ufb01gure a jou\u00e9 un r\u00f4le d\u00e9terminant dans l\u2019\u00e9volution artistique de Cathy Bourdet.<\/p>\n\n\n\n<p>\u00ab&nbsp;Je suis all\u00e9e sculpter \u00e0 l&rsquo;atelier de Claude RIPOCHE \u00e0 la S.A.T.A. (Soci\u00e9t\u00e9 Arts Talence Aquitaine) au ch\u00e2teau de THOUARS de 1987 \u00e0 2001 , c&rsquo;est-\u00e0-dire 15 ans.&nbsp;\u00bb<\/p>\n\n\n\n<p>Une bonne formation qu\u2019elle \u00ab&nbsp; patine&nbsp; \u00bb au cours des ans en d\u00e9veloppant une technique authentique et particuli\u00e8rement respectueuse du mat\u00e9riau qu\u2019elle refuse d\u2019aborder autrement qu\u2019\u00e0 la main. Point de machines, de tron\u00e7onneuses ou autres outils m\u00e9caniques souvent utilis\u00e9s pour acc\u00e9l\u00e9rer et d\u00e9grossir le travail.<\/p>\n\n\n\n<p>On peut a\ufb03rmer, lorsque l\u2019on voit Cathy \u00ab&nbsp;prendre soin&nbsp;\u00bb du bois qu\u2019elle a patiemment choisi, qu\u2019on \u00e0 a faire \u00e0 un sculpteur de ceux qui \u00ab&nbsp; font en \u00f4tant&nbsp;\u00bb.<\/p>\n\n\n\n<p>Admiratrice de Camille Claudel, elle choisit ses sujets au gr\u00e9 de ses rencontres et de ses inspirations.<\/p>\n\n\n\n<p>Elle nous entraine entre \ufb01guratif et abstrait avec une aisance qui ne cache pas l\u2019intensit\u00e9 \u00e9motionnelle que les oeuvres laissent entrevoir.<\/p>\n\n\n\n<p>Toutes ont une histoire, elle vous la raconte si vous prenez le temps de l\u2019\u00e9couter lors de ses expositions.<\/p>\n\n\n\n<p>C\u2019est \u00e0 un voyage culturel et \u00e9motionnel que nous sommes convi\u00e9s, le temps semble s\u2019arr\u00eater.<\/p>\n\n\n\n<p>La m\u00e9moire intime de l\u2019oeuvre nous touche d\u00e9s que l\u2019on pose la main sur le corps \u00e9lanc\u00e9 de Nougayork. (1991) ; nous voici transport\u00e9s \u00e0 un concert de Nougaro \u00e0 New York&nbsp; en 1987.<\/p>\n\n\n\n<p>Ou, avec \u00ab&nbsp; Ia Orana&nbsp; \u00bb, c\u2019est Tahiti qui surgit avec le fameux tableau de Gauguin : La vierge \u00e0 l\u2019enfant,&nbsp; \u00ab&nbsp;Ia Orana Maria&nbsp;\u00bb.<\/p>\n\n\n\n<p>Mais ces r\u00e9f\u00e9rences artistiques sont un intime qu\u2019elle ne livre pas ais\u00e9ment : \u00ab&nbsp;J\u2019ai toujours vu ce tableau dont il y a une reproduction chez moi&nbsp;\u00bb nous dit elle simplement, par pudeur.<\/p>\n\n\n\n<p>Car son savoir, Cathy ne le sort pas d\u2019une acad\u00e9mie c\u00e9l\u00e8bre o\u00f9 d\u2019une \u00e9cole d\u2019art connue, c\u2019est le savoir instinctif d\u2019une sensibilit\u00e9 qui, sans \u00eatre na\u00efve&nbsp; &#8211; comme celle qu\u2019on a pr\u00eat\u00e9 jadis au Douanier Rousseau, d\u00e9couvert par l\u2019\u00e9crivain Alfred Jarry qui lui donne son surnom de \u00ab&nbsp; douanier&nbsp; \u00bb &#8211; reste autodidacte et surtout libre.<\/p>\n\n\n\n<p>Le quotidien, la f\u00e9minit\u00e9, l\u2019enfance mais aussi la sou\ufb00rance et les fulgurances de la douleur, les pr\u00e9cipices de la folie sont aussi ses sources d\u2019inspiration. Les m\u00e9andres de la cr\u00e9ativit\u00e9 de Cathy Bourdet ne se sont pas ass\u00e9ch\u00e9s avec le temps.<\/p>\n\n\n\n<p>Les s\u00e9ries , Les petites \ufb01lles \u00e0 la tresse, Les dames surtout, qui s\u2019\u00e9talent de 1990 jusqu\u2019\u00e0 nos jours, rel\u00e8vent d\u2019une authentique d\u00e9marche artistique. Elles a\ufb03rment la maitrise d\u2019une technique sophistiqu\u00e9e, respectueuse du mat\u00e9riau, la volont\u00e9 de suivre une veine d\u2019inspiration sur la dur\u00e9e, d\u00e9\ufb01ant le temps qui passe.<\/p>\n\n\n\n<p>\u00ab&nbsp;Je pars \u00e0 l\u2019aventure avec le bois\u2026 La forme surgit \u00e0 un moment, s\u2019impose \u00e0 moi&nbsp;\u00bb. rajoute t elle.<\/p>\n\n\n\n<p>On trouve, lorsque l\u2019on va \u00e0 la rencontre des oeuvres de Cathy Bourdet, l\u2019essence de toute cr\u00e9ation qui se donne \u00e0 voir. Elle \u00ab&nbsp; permet \u00e0 celui\/celle qui est touch\u00e9 d\u2019\u00e9tablir des liens nouveaux, de cr\u00e9er des sch\u00e9mas in\u00e9dits, de vivre des \u00e9clairs qui viendront relier et recoudre des moments et des lieux jamais envisag\u00e9s.&nbsp;\u00bb Ecrit Berhnard R\u00fcdiger.<\/p>\n\n\n\n<p>D.W. Winnicott7, le c\u00e9l\u00e8bre p\u00e9diatre anglais d\u00e9veloppe dans sa th\u00e9orisation la notion d\u2019objet trouv\u00e9-cr\u00e9\u00e9, \u00e0 propos des objets et des espaces transitionnels. L\u2019objet est d\u00e9j\u00e0 l\u00e0 et pr\u00e9sent\u00e9 par la m\u00e8re, mais pour qu\u2019il prenne sens pour l\u2019enfant, celui-ci doit avoir la conviction, qui est une sorte d\u2019illusion, de l\u2019avoir cr\u00e9\u00e9 lui-m\u00eame. Le processus cr\u00e9atif de toute oeuvre s\u2019apparente \u00e0 ce mouvement et rejoint l\u2019id\u00e9e que \u00ab&nbsp;la cr\u00e9ation se tient entre l\u2019observateur et la cr\u00e9ativit\u00e9 de l\u2019artiste.&nbsp;\u00bb(5- op cit.) Ces&nbsp; aspects du processus cr\u00e9atif sont cruciaux car ils renversent l\u2019opinion commun\u00e9ment admise que l\u2019origine de la cr\u00e9ativit\u00e9 prend uniquement sa source dans l\u2019exp\u00e9rience sensible, la sou\ufb00rance ou la douleur.<\/p>\n\n\n\n<p>On pourrait, pour le dire autrement, qu\u2019il y a une forme qui est l\u00e0 &#8211; et la s\u00e9rie des dames l\u2019exprime singuli\u00e8rement chez Cathy Bourdet &#8211; non advenue et que l\u2019artiste serait celui\/celle, qui \u00ab&nbsp;r\u00e9v\u00e8le&nbsp;\u00bb la forme et donne le signal que lui et l\u2019observateur deviennent capables de reconnaitre.<\/p>\n\n\n\n<p>Lorsqu\u2019on rencontre la vitalit\u00e9, la passion, la beaut\u00e9 et la gentillesse de Cathy Bourdet, qui s\u2019expose dans l\u2019actualit\u00e9 vivante de son travail \u00e0 chaque exposition. Lorsque le visiteur devient, pour un temps, l\u2019acteur de la cr\u00e9ation \u00e0 l\u2019oeuvre. Lorsqu\u2019il voit le ri\ufb02oir suivre pr\u00e9cis\u00e9ment la courbe du drap\u00e9 et souligner l\u2019ombre qui le met en relief. Lorsqu\u2019il sent la douce texture du noyer, lorsqu\u2019il respire le parfum des copeaux \u00e9pars sur l\u2019\u00e9tabli, il entre un instant dans l\u2019univers du sculpteur. Mais il fait surtout l\u2019exp\u00e9rience de ce que c\u2019est que vivre pleinement de fa\u00e7on cr\u00e9ative, libre.<\/p>\n\n\n\n<p>Jean-Claude Bourdet<\/p>\n","protected":false},"excerpt":{"rendered":"<p>L\u2019atelier Vertbois \u00e0 la m\u00e9moire des gestes pr\u00e9cis, du bruit mat du maillet sur la gouge Scharweatcher, de l\u2019odeur douce des copeaux parsem\u00e9s sur l\u2019antique \u00e9tabli. L\u2019\u00e9paisse planche de merisier est tenue par un \u00e9tau solide. Cathy Bourdet concert\u00e9e, pench\u00e9e sur la planche, suit le dessin pr\u00e9cis des drap\u00e9s de la robe du personnage qui [&hellip;]<\/p>\n","protected":false},"author":3,"featured_media":1331,"comment_status":"closed","ping_status":"closed","sticky":false,"template":"","format":"standard","meta":{"_acf_changed":false,"footnotes":""},"categories":[22],"tags":[],"class_list":["post-1330","post","type-post","status-publish","format-standard","has-post-thumbnail","hentry","category-articles"],"acf":[],"yoast_head":"<!-- This site is optimized with the Yoast SEO plugin v27.5 - https:\/\/yoast.com\/product\/yoast-seo-wordpress\/ -->\n<title>L&#039;atelier vert bois - Jean-Claude Bourdet<\/title>\n<meta name=\"robots\" content=\"index, follow, max-snippet:-1, max-image-preview:large, max-video-preview:-1\" \/>\n<link rel=\"canonical\" href=\"https:\/\/jean-claude-bourdet.fr\/index.php\/2022\/02\/02\/latelier-vert-bois\/\" \/>\n<meta property=\"og:locale\" content=\"fr_FR\" \/>\n<meta property=\"og:type\" content=\"article\" \/>\n<meta property=\"og:title\" content=\"L&#039;atelier vert bois - Jean-Claude Bourdet\" \/>\n<meta property=\"og:description\" content=\"L\u2019atelier Vertbois \u00e0 la m\u00e9moire des gestes pr\u00e9cis, du bruit mat du maillet sur la gouge Scharweatcher, de l\u2019odeur douce des copeaux parsem\u00e9s sur l\u2019antique \u00e9tabli. L\u2019\u00e9paisse planche de merisier est tenue par un \u00e9tau solide. Cathy Bourdet concert\u00e9e, pench\u00e9e sur la planche, suit le dessin pr\u00e9cis des drap\u00e9s de la robe du personnage qui [&hellip;]\" \/>\n<meta property=\"og:url\" content=\"https:\/\/jean-claude-bourdet.fr\/index.php\/2022\/02\/02\/latelier-vert-bois\/\" \/>\n<meta property=\"og:site_name\" content=\"Jean-Claude Bourdet\" \/>\n<meta property=\"article:published_time\" content=\"2022-02-02T09:25:34+00:00\" \/>\n<meta property=\"article:modified_time\" content=\"2022-03-02T08:45:56+00:00\" \/>\n<meta property=\"og:image\" content=\"https:\/\/jean-claude-bourdet.fr\/wp-content\/uploads\/2022\/02\/Expo-cathy-libourne.jpg\" \/>\n\t<meta property=\"og:image:width\" content=\"1280\" \/>\n\t<meta property=\"og:image:height\" content=\"960\" \/>\n\t<meta property=\"og:image:type\" content=\"image\/jpeg\" \/>\n<meta name=\"author\" content=\"Jean-Claude Bourdet\" \/>\n<meta name=\"twitter:card\" content=\"summary_large_image\" \/>\n<meta name=\"twitter:label1\" content=\"\u00c9crit par\" \/>\n\t<meta name=\"twitter:data1\" content=\"Jean-Claude Bourdet\" \/>\n\t<meta name=\"twitter:label2\" content=\"Dur\u00e9e de lecture estim\u00e9e\" \/>\n\t<meta name=\"twitter:data2\" content=\"7 minutes\" \/>\n<script type=\"application\/ld+json\" class=\"yoast-schema-graph\">{\"@context\":\"https:\\\/\\\/schema.org\",\"@graph\":[{\"@type\":\"Article\",\"@id\":\"https:\\\/\\\/jean-claude-bourdet.fr\\\/index.php\\\/2022\\\/02\\\/02\\\/latelier-vert-bois\\\/#article\",\"isPartOf\":{\"@id\":\"https:\\\/\\\/jean-claude-bourdet.fr\\\/index.php\\\/2022\\\/02\\\/02\\\/latelier-vert-bois\\\/\"},\"author\":{\"name\":\"Jean-Claude Bourdet\",\"@id\":\"https:\\\/\\\/jean-claude-bourdet.fr\\\/#\\\/schema\\\/person\\\/11164af92a68e466bbab7ed7d84f29bf\"},\"headline\":\"L&rsquo;atelier vert bois\",\"datePublished\":\"2022-02-02T09:25:34+00:00\",\"dateModified\":\"2022-03-02T08:45:56+00:00\",\"mainEntityOfPage\":{\"@id\":\"https:\\\/\\\/jean-claude-bourdet.fr\\\/index.php\\\/2022\\\/02\\\/02\\\/latelier-vert-bois\\\/\"},\"wordCount\":1394,\"publisher\":{\"@id\":\"https:\\\/\\\/jean-claude-bourdet.fr\\\/#\\\/schema\\\/person\\\/11164af92a68e466bbab7ed7d84f29bf\"},\"image\":{\"@id\":\"https:\\\/\\\/jean-claude-bourdet.fr\\\/index.php\\\/2022\\\/02\\\/02\\\/latelier-vert-bois\\\/#primaryimage\"},\"thumbnailUrl\":\"https:\\\/\\\/jean-claude-bourdet.fr\\\/wp-content\\\/uploads\\\/2022\\\/02\\\/Expo-cathy-libourne.jpg\",\"articleSection\":[\"articles\"],\"inLanguage\":\"fr-FR\"},{\"@type\":\"WebPage\",\"@id\":\"https:\\\/\\\/jean-claude-bourdet.fr\\\/index.php\\\/2022\\\/02\\\/02\\\/latelier-vert-bois\\\/\",\"url\":\"https:\\\/\\\/jean-claude-bourdet.fr\\\/index.php\\\/2022\\\/02\\\/02\\\/latelier-vert-bois\\\/\",\"name\":\"L'atelier vert bois - Jean-Claude Bourdet\",\"isPartOf\":{\"@id\":\"https:\\\/\\\/jean-claude-bourdet.fr\\\/#website\"},\"primaryImageOfPage\":{\"@id\":\"https:\\\/\\\/jean-claude-bourdet.fr\\\/index.php\\\/2022\\\/02\\\/02\\\/latelier-vert-bois\\\/#primaryimage\"},\"image\":{\"@id\":\"https:\\\/\\\/jean-claude-bourdet.fr\\\/index.php\\\/2022\\\/02\\\/02\\\/latelier-vert-bois\\\/#primaryimage\"},\"thumbnailUrl\":\"https:\\\/\\\/jean-claude-bourdet.fr\\\/wp-content\\\/uploads\\\/2022\\\/02\\\/Expo-cathy-libourne.jpg\",\"datePublished\":\"2022-02-02T09:25:34+00:00\",\"dateModified\":\"2022-03-02T08:45:56+00:00\",\"breadcrumb\":{\"@id\":\"https:\\\/\\\/jean-claude-bourdet.fr\\\/index.php\\\/2022\\\/02\\\/02\\\/latelier-vert-bois\\\/#breadcrumb\"},\"inLanguage\":\"fr-FR\",\"potentialAction\":[{\"@type\":\"ReadAction\",\"target\":[\"https:\\\/\\\/jean-claude-bourdet.fr\\\/index.php\\\/2022\\\/02\\\/02\\\/latelier-vert-bois\\\/\"]}]},{\"@type\":\"ImageObject\",\"inLanguage\":\"fr-FR\",\"@id\":\"https:\\\/\\\/jean-claude-bourdet.fr\\\/index.php\\\/2022\\\/02\\\/02\\\/latelier-vert-bois\\\/#primaryimage\",\"url\":\"https:\\\/\\\/jean-claude-bourdet.fr\\\/wp-content\\\/uploads\\\/2022\\\/02\\\/Expo-cathy-libourne.jpg\",\"contentUrl\":\"https:\\\/\\\/jean-claude-bourdet.fr\\\/wp-content\\\/uploads\\\/2022\\\/02\\\/Expo-cathy-libourne.jpg\",\"width\":1280,\"height\":960,\"caption\":\"exposition Liburnia Janvier 2016, Cathy Bourdet\"},{\"@type\":\"BreadcrumbList\",\"@id\":\"https:\\\/\\\/jean-claude-bourdet.fr\\\/index.php\\\/2022\\\/02\\\/02\\\/latelier-vert-bois\\\/#breadcrumb\",\"itemListElement\":[{\"@type\":\"ListItem\",\"position\":1,\"name\":\"Accueil\",\"item\":\"https:\\\/\\\/jean-claude-bourdet.fr\\\/\"},{\"@type\":\"ListItem\",\"position\":2,\"name\":\"L&rsquo;atelier vert bois\"}]},{\"@type\":\"WebSite\",\"@id\":\"https:\\\/\\\/jean-claude-bourdet.fr\\\/#website\",\"url\":\"https:\\\/\\\/jean-claude-bourdet.fr\\\/\",\"name\":\"Jean-Claude Bourdet\",\"description\":\"Site d&#039;humeur, de go\u00fbt, de plaisir d&#039;\u00e9crire de lire et de partager\",\"publisher\":{\"@id\":\"https:\\\/\\\/jean-claude-bourdet.fr\\\/#\\\/schema\\\/person\\\/11164af92a68e466bbab7ed7d84f29bf\"},\"alternateName\":\"Jean-Claude Bourdet auteur\",\"potentialAction\":[{\"@type\":\"SearchAction\",\"target\":{\"@type\":\"EntryPoint\",\"urlTemplate\":\"https:\\\/\\\/jean-claude-bourdet.fr\\\/?s={search_term_string}\"},\"query-input\":{\"@type\":\"PropertyValueSpecification\",\"valueRequired\":true,\"valueName\":\"search_term_string\"}}],\"inLanguage\":\"fr-FR\"},{\"@type\":[\"Person\",\"Organization\"],\"@id\":\"https:\\\/\\\/jean-claude-bourdet.fr\\\/#\\\/schema\\\/person\\\/11164af92a68e466bbab7ed7d84f29bf\",\"name\":\"Jean-Claude Bourdet\",\"image\":{\"@type\":\"ImageObject\",\"inLanguage\":\"fr-FR\",\"@id\":\"https:\\\/\\\/jean-claude-bourdet.fr\\\/wp-content\\\/uploads\\\/2022\\\/06\\\/capture-video-1.png\",\"url\":\"https:\\\/\\\/jean-claude-bourdet.fr\\\/wp-content\\\/uploads\\\/2022\\\/06\\\/capture-video-1.png\",\"contentUrl\":\"https:\\\/\\\/jean-claude-bourdet.fr\\\/wp-content\\\/uploads\\\/2022\\\/06\\\/capture-video-1.png\",\"width\":835,\"height\":468,\"caption\":\"Jean-Claude Bourdet\"},\"logo\":{\"@id\":\"https:\\\/\\\/jean-claude-bourdet.fr\\\/wp-content\\\/uploads\\\/2022\\\/06\\\/capture-video-1.png\"},\"url\":\"https:\\\/\\\/jean-claude-bourdet.fr\\\/index.php\\\/author\\\/jcbourdet\\\/\"}]}<\/script>\n<!-- \/ Yoast SEO plugin. -->","yoast_head_json":{"title":"L'atelier vert bois - Jean-Claude Bourdet","robots":{"index":"index","follow":"follow","max-snippet":"max-snippet:-1","max-image-preview":"max-image-preview:large","max-video-preview":"max-video-preview:-1"},"canonical":"https:\/\/jean-claude-bourdet.fr\/index.php\/2022\/02\/02\/latelier-vert-bois\/","og_locale":"fr_FR","og_type":"article","og_title":"L'atelier vert bois - Jean-Claude Bourdet","og_description":"L\u2019atelier Vertbois \u00e0 la m\u00e9moire des gestes pr\u00e9cis, du bruit mat du maillet sur la gouge Scharweatcher, de l\u2019odeur douce des copeaux parsem\u00e9s sur l\u2019antique \u00e9tabli. L\u2019\u00e9paisse planche de merisier est tenue par un \u00e9tau solide. Cathy Bourdet concert\u00e9e, pench\u00e9e sur la planche, suit le dessin pr\u00e9cis des drap\u00e9s de la robe du personnage qui [&hellip;]","og_url":"https:\/\/jean-claude-bourdet.fr\/index.php\/2022\/02\/02\/latelier-vert-bois\/","og_site_name":"Jean-Claude Bourdet","article_published_time":"2022-02-02T09:25:34+00:00","article_modified_time":"2022-03-02T08:45:56+00:00","og_image":[{"width":1280,"height":960,"url":"https:\/\/jean-claude-bourdet.fr\/wp-content\/uploads\/2022\/02\/Expo-cathy-libourne.jpg","type":"image\/jpeg"}],"author":"Jean-Claude Bourdet","twitter_card":"summary_large_image","twitter_misc":{"\u00c9crit par":"Jean-Claude Bourdet","Dur\u00e9e de lecture estim\u00e9e":"7 minutes"},"schema":{"@context":"https:\/\/schema.org","@graph":[{"@type":"Article","@id":"https:\/\/jean-claude-bourdet.fr\/index.php\/2022\/02\/02\/latelier-vert-bois\/#article","isPartOf":{"@id":"https:\/\/jean-claude-bourdet.fr\/index.php\/2022\/02\/02\/latelier-vert-bois\/"},"author":{"name":"Jean-Claude Bourdet","@id":"https:\/\/jean-claude-bourdet.fr\/#\/schema\/person\/11164af92a68e466bbab7ed7d84f29bf"},"headline":"L&rsquo;atelier vert bois","datePublished":"2022-02-02T09:25:34+00:00","dateModified":"2022-03-02T08:45:56+00:00","mainEntityOfPage":{"@id":"https:\/\/jean-claude-bourdet.fr\/index.php\/2022\/02\/02\/latelier-vert-bois\/"},"wordCount":1394,"publisher":{"@id":"https:\/\/jean-claude-bourdet.fr\/#\/schema\/person\/11164af92a68e466bbab7ed7d84f29bf"},"image":{"@id":"https:\/\/jean-claude-bourdet.fr\/index.php\/2022\/02\/02\/latelier-vert-bois\/#primaryimage"},"thumbnailUrl":"https:\/\/jean-claude-bourdet.fr\/wp-content\/uploads\/2022\/02\/Expo-cathy-libourne.jpg","articleSection":["articles"],"inLanguage":"fr-FR"},{"@type":"WebPage","@id":"https:\/\/jean-claude-bourdet.fr\/index.php\/2022\/02\/02\/latelier-vert-bois\/","url":"https:\/\/jean-claude-bourdet.fr\/index.php\/2022\/02\/02\/latelier-vert-bois\/","name":"L'atelier vert bois - Jean-Claude Bourdet","isPartOf":{"@id":"https:\/\/jean-claude-bourdet.fr\/#website"},"primaryImageOfPage":{"@id":"https:\/\/jean-claude-bourdet.fr\/index.php\/2022\/02\/02\/latelier-vert-bois\/#primaryimage"},"image":{"@id":"https:\/\/jean-claude-bourdet.fr\/index.php\/2022\/02\/02\/latelier-vert-bois\/#primaryimage"},"thumbnailUrl":"https:\/\/jean-claude-bourdet.fr\/wp-content\/uploads\/2022\/02\/Expo-cathy-libourne.jpg","datePublished":"2022-02-02T09:25:34+00:00","dateModified":"2022-03-02T08:45:56+00:00","breadcrumb":{"@id":"https:\/\/jean-claude-bourdet.fr\/index.php\/2022\/02\/02\/latelier-vert-bois\/#breadcrumb"},"inLanguage":"fr-FR","potentialAction":[{"@type":"ReadAction","target":["https:\/\/jean-claude-bourdet.fr\/index.php\/2022\/02\/02\/latelier-vert-bois\/"]}]},{"@type":"ImageObject","inLanguage":"fr-FR","@id":"https:\/\/jean-claude-bourdet.fr\/index.php\/2022\/02\/02\/latelier-vert-bois\/#primaryimage","url":"https:\/\/jean-claude-bourdet.fr\/wp-content\/uploads\/2022\/02\/Expo-cathy-libourne.jpg","contentUrl":"https:\/\/jean-claude-bourdet.fr\/wp-content\/uploads\/2022\/02\/Expo-cathy-libourne.jpg","width":1280,"height":960,"caption":"exposition Liburnia Janvier 2016, Cathy Bourdet"},{"@type":"BreadcrumbList","@id":"https:\/\/jean-claude-bourdet.fr\/index.php\/2022\/02\/02\/latelier-vert-bois\/#breadcrumb","itemListElement":[{"@type":"ListItem","position":1,"name":"Accueil","item":"https:\/\/jean-claude-bourdet.fr\/"},{"@type":"ListItem","position":2,"name":"L&rsquo;atelier vert bois"}]},{"@type":"WebSite","@id":"https:\/\/jean-claude-bourdet.fr\/#website","url":"https:\/\/jean-claude-bourdet.fr\/","name":"Jean-Claude Bourdet","description":"Site d&#039;humeur, de go\u00fbt, de plaisir d&#039;\u00e9crire de lire et de partager","publisher":{"@id":"https:\/\/jean-claude-bourdet.fr\/#\/schema\/person\/11164af92a68e466bbab7ed7d84f29bf"},"alternateName":"Jean-Claude Bourdet auteur","potentialAction":[{"@type":"SearchAction","target":{"@type":"EntryPoint","urlTemplate":"https:\/\/jean-claude-bourdet.fr\/?s={search_term_string}"},"query-input":{"@type":"PropertyValueSpecification","valueRequired":true,"valueName":"search_term_string"}}],"inLanguage":"fr-FR"},{"@type":["Person","Organization"],"@id":"https:\/\/jean-claude-bourdet.fr\/#\/schema\/person\/11164af92a68e466bbab7ed7d84f29bf","name":"Jean-Claude Bourdet","image":{"@type":"ImageObject","inLanguage":"fr-FR","@id":"https:\/\/jean-claude-bourdet.fr\/wp-content\/uploads\/2022\/06\/capture-video-1.png","url":"https:\/\/jean-claude-bourdet.fr\/wp-content\/uploads\/2022\/06\/capture-video-1.png","contentUrl":"https:\/\/jean-claude-bourdet.fr\/wp-content\/uploads\/2022\/06\/capture-video-1.png","width":835,"height":468,"caption":"Jean-Claude Bourdet"},"logo":{"@id":"https:\/\/jean-claude-bourdet.fr\/wp-content\/uploads\/2022\/06\/capture-video-1.png"},"url":"https:\/\/jean-claude-bourdet.fr\/index.php\/author\/jcbourdet\/"}]}},"_links":{"self":[{"href":"https:\/\/jean-claude-bourdet.fr\/index.php\/wp-json\/wp\/v2\/posts\/1330","targetHints":{"allow":["GET"]}}],"collection":[{"href":"https:\/\/jean-claude-bourdet.fr\/index.php\/wp-json\/wp\/v2\/posts"}],"about":[{"href":"https:\/\/jean-claude-bourdet.fr\/index.php\/wp-json\/wp\/v2\/types\/post"}],"author":[{"embeddable":true,"href":"https:\/\/jean-claude-bourdet.fr\/index.php\/wp-json\/wp\/v2\/users\/3"}],"replies":[{"embeddable":true,"href":"https:\/\/jean-claude-bourdet.fr\/index.php\/wp-json\/wp\/v2\/comments?post=1330"}],"version-history":[{"count":2,"href":"https:\/\/jean-claude-bourdet.fr\/index.php\/wp-json\/wp\/v2\/posts\/1330\/revisions"}],"predecessor-version":[{"id":1371,"href":"https:\/\/jean-claude-bourdet.fr\/index.php\/wp-json\/wp\/v2\/posts\/1330\/revisions\/1371"}],"wp:featuredmedia":[{"embeddable":true,"href":"https:\/\/jean-claude-bourdet.fr\/index.php\/wp-json\/wp\/v2\/media\/1331"}],"wp:attachment":[{"href":"https:\/\/jean-claude-bourdet.fr\/index.php\/wp-json\/wp\/v2\/media?parent=1330"}],"wp:term":[{"taxonomy":"category","embeddable":true,"href":"https:\/\/jean-claude-bourdet.fr\/index.php\/wp-json\/wp\/v2\/categories?post=1330"},{"taxonomy":"post_tag","embeddable":true,"href":"https:\/\/jean-claude-bourdet.fr\/index.php\/wp-json\/wp\/v2\/tags?post=1330"}],"curies":[{"name":"wp","href":"https:\/\/api.w.org\/{rel}","templated":true}]}}