{"id":1327,"date":"2022-02-01T20:57:51","date_gmt":"2022-02-01T19:57:51","guid":{"rendered":"https:\/\/jean-claude-bourdet.fr\/?p=1327"},"modified":"2022-02-01T20:57:52","modified_gmt":"2022-02-01T19:57:52","slug":"une-lecture-de-je-ressemble-a-une-ceremonie-de-julia-lepere-ed-le-corridor-bleu-collection-sing","status":"publish","type":"post","link":"https:\/\/jean-claude-bourdet.fr\/index.php\/2022\/02\/01\/une-lecture-de-je-ressemble-a-une-ceremonie-de-julia-lepere-ed-le-corridor-bleu-collection-sing\/","title":{"rendered":"Une lecture de Je ressemble \u00e0 une c\u00e9r\u00e9monie de Julia Lep\u00e8re ; Ed. le corridor bleu, collection SING"},"content":{"rendered":"\n<p>&nbsp; Librement inspir\u00e9 de&nbsp;:&nbsp;&nbsp;&nbsp;&nbsp;&nbsp;&nbsp;&nbsp;&nbsp;&nbsp;&nbsp;&nbsp;&nbsp;&nbsp;&nbsp;&nbsp;&nbsp;&nbsp;&nbsp;&nbsp;&nbsp;&nbsp;&nbsp;&nbsp;&nbsp;&nbsp;&nbsp;&nbsp;&nbsp;&nbsp;&nbsp;&nbsp;&nbsp;&nbsp;&nbsp;&nbsp;&nbsp;&nbsp;&nbsp;&nbsp;&nbsp;&nbsp;&nbsp;&nbsp;&nbsp;&nbsp;&nbsp;&nbsp;&nbsp;&nbsp;&nbsp;&nbsp;&nbsp;&nbsp;&nbsp;&nbsp;&nbsp;&nbsp;&nbsp;&nbsp;&nbsp;&nbsp;&nbsp;&nbsp;&nbsp;&nbsp;&nbsp;<\/p>\n\n\n\n<p><strong><em>Je ressemble \u00e0 une c\u00e9r\u00e9monie<\/em><\/strong><\/p>\n\n\n\n<p>De Julia Lep\u00e8re<\/p>\n\n\n\n<p>Collection S&nbsp;!NG, Le Corridor Bleu.<\/p>\n\n\n\n<p>&nbsp;La poste a, il y a deux jours d\u00e9pos\u00e9 mon premier num\u00e9ro de Catastrophe en compagnie d\u2019un livre blanc au titre \u00e9crit en parme. Hier soir, apr\u00e8s une journ\u00e9e de travail \u00e0 \u00e9couter les affres des \u00ab&nbsp;\u00e9corch\u00e9s de la vie&nbsp;\u00bb je suis tomb\u00e9 en lecture. Julia Lep\u00e8re a <em>jeter le sable les feuilles les yeux, il pleut.&nbsp;<\/em>Les trois parties se livrent en un seul temps &#8211; paradoxe subtil \u2013 avec filet soyeux, maillage souple sans haleine le souffle retenu \u2013 l\u00e2che. L\u2019ombre des passants \u00e0 <em>La lisi\u00e8re<\/em> m\u2019a prise d\u00e9licatement par la main, pas \u00e0 mot, mot \u00e0 pas, pas un mot plus haut que l\u2019autre m\u00e9lodie lancinante thr\u00e8ne lumineux. &nbsp;Sans me demander de fermer les yeux j\u2019ai suivi ses mots \u00e0 mi-chemin de la solitude, de la nostalgie, de la tristesse_du d\u00e9sespoir_du_vertige_de l\u2019amour de Baschung _ Les amours mortes de Saez_Les feuilles mortes de Prevert_La capitale de la douleur de Eluard&#8230; Sans jamais tomber dans le pathos, dans la plainte. Dentelles de Montmirail et de Bruxelles d\u00e9pos\u00e9es au pied du lecteur sans fard par des doigts d\u2019orf\u00e8vre. <em>Respirer quelque chose qui fut toi.<\/em> Le tictac du temps pass\u00e9 file d\u2019autant qu\u2019il faudra <em>Attacher ton ombre comme une ronce.<\/em> M\u00e9lusine conte un autre <em>chant de l\u2019eau, <\/em>souple, \u00e0 l\u2019aube des cornouillers. Le r\u00e9cit se mue, \u00e0 un moment, en <em>Aigle noir<\/em>, s\u2019ab\u00eeme dans l\u2019oc\u00e9an des mots, secou\u00e9 par un vague \u00e0 l\u2019\u00e2me qui s\u2019\u00e9puise sur le sable blanc du po\u00e8me.<\/p>\n\n\n\n<p>Carthage ultime lieu<\/p>\n\n\n\n<p>a rebours du po\u00e8me<\/p>\n\n\n\n<p>p\u00each\u00e9 sur la gr\u00e8ve d\u2019une banlieue<\/p>\n\n\n\n<p>sous les larmes boh\u00e8mes<\/p>\n\n\n\n<p>Entre les lignes les roches s\u2019\u00e9puisent<\/p>\n\n\n\n<p>sur une longue page vierge<\/p>\n\n\n\n<p>les vagues sur la berge devisent<\/p>\n\n\n\n<p>avec le vent les soupirs et les cierges<\/p>\n\n\n\n<p>Des phares jaunes dessinent<\/p>\n\n\n\n<p>dans le brouillard de la nuit<\/p>\n\n\n\n<p>une lente \u00e9paisseur d\u2019ennui<\/p>\n\n\n\n<p>La peau laiteuse domine<\/p>\n\n\n\n<p>les l\u00e8vres pinc\u00e9es de l\u2019envie<\/p>\n\n\n\n<p>te rejoindre l\u00e0 o\u00f9 je te vis<\/p>\n\n\n\n<p><em>JC Bourdet<\/em><\/p>\n","protected":false},"excerpt":{"rendered":"<p>&nbsp; Librement inspir\u00e9 de&nbsp;:&nbsp;&nbsp;&nbsp;&nbsp;&nbsp;&nbsp;&nbsp;&nbsp;&nbsp;&nbsp;&nbsp;&nbsp;&nbsp;&nbsp;&nbsp;&nbsp;&nbsp;&nbsp;&nbsp;&nbsp;&nbsp;&nbsp;&nbsp;&nbsp;&nbsp;&nbsp;&nbsp;&nbsp;&nbsp;&nbsp;&nbsp;&nbsp;&nbsp;&nbsp;&nbsp;&nbsp;&nbsp;&nbsp;&nbsp;&nbsp;&nbsp;&nbsp;&nbsp;&nbsp;&nbsp;&nbsp;&nbsp;&nbsp;&nbsp;&nbsp;&nbsp;&nbsp;&nbsp;&nbsp;&nbsp;&nbsp;&nbsp;&nbsp;&nbsp;&nbsp;&nbsp;&nbsp;&nbsp;&nbsp;&nbsp;&nbsp; Je ressemble \u00e0 une c\u00e9r\u00e9monie De Julia Lep\u00e8re Collection S&nbsp;!NG, Le Corridor Bleu. &nbsp;La poste a, il y a deux jours d\u00e9pos\u00e9 mon premier num\u00e9ro de Catastrophe en compagnie d\u2019un livre blanc au titre \u00e9crit en parme. Hier soir, apr\u00e8s une journ\u00e9e de travail \u00e0 \u00e9couter les affres des \u00ab&nbsp;\u00e9corch\u00e9s de [&hellip;]<\/p>\n","protected":false},"author":3,"featured_media":1328,"comment_status":"closed","ping_status":"closed","sticky":false,"template":"","format":"standard","meta":{"_acf_changed":false,"footnotes":""},"categories":[8],"tags":[],"class_list":["post-1327","post","type-post","status-publish","format-standard","has-post-thumbnail","hentry","category-lectures"],"acf":[],"yoast_head":"<!-- This site is optimized with the Yoast SEO plugin v27.5 - https:\/\/yoast.com\/product\/yoast-seo-wordpress\/ -->\n<title>Une lecture de Je ressemble \u00e0 une c\u00e9r\u00e9monie de Julia Lep\u00e8re ; Ed. le corridor bleu, collection SING - Jean-Claude Bourdet<\/title>\n<meta name=\"robots\" content=\"index, follow, max-snippet:-1, max-image-preview:large, max-video-preview:-1\" \/>\n<link rel=\"canonical\" href=\"https:\/\/jean-claude-bourdet.fr\/index.php\/2022\/02\/01\/une-lecture-de-je-ressemble-a-une-ceremonie-de-julia-lepere-ed-le-corridor-bleu-collection-sing\/\" \/>\n<meta property=\"og:locale\" content=\"fr_FR\" \/>\n<meta property=\"og:type\" content=\"article\" \/>\n<meta property=\"og:title\" content=\"Une lecture de Je ressemble \u00e0 une c\u00e9r\u00e9monie de Julia Lep\u00e8re ; Ed. le corridor bleu, collection SING - Jean-Claude Bourdet\" \/>\n<meta property=\"og:description\" content=\"&nbsp; Librement inspir\u00e9 de&nbsp;:&nbsp;&nbsp;&nbsp;&nbsp;&nbsp;&nbsp;&nbsp;&nbsp;&nbsp;&nbsp;&nbsp;&nbsp;&nbsp;&nbsp;&nbsp;&nbsp;&nbsp;&nbsp;&nbsp;&nbsp;&nbsp;&nbsp;&nbsp;&nbsp;&nbsp;&nbsp;&nbsp;&nbsp;&nbsp;&nbsp;&nbsp;&nbsp;&nbsp;&nbsp;&nbsp;&nbsp;&nbsp;&nbsp;&nbsp;&nbsp;&nbsp;&nbsp;&nbsp;&nbsp;&nbsp;&nbsp;&nbsp;&nbsp;&nbsp;&nbsp;&nbsp;&nbsp;&nbsp;&nbsp;&nbsp;&nbsp;&nbsp;&nbsp;&nbsp;&nbsp;&nbsp;&nbsp;&nbsp;&nbsp;&nbsp;&nbsp; Je ressemble \u00e0 une c\u00e9r\u00e9monie De Julia Lep\u00e8re Collection S&nbsp;!NG, Le Corridor Bleu. &nbsp;La poste a, il y a deux jours d\u00e9pos\u00e9 mon premier num\u00e9ro de Catastrophe en compagnie d\u2019un livre blanc au titre \u00e9crit en parme. Hier soir, apr\u00e8s une journ\u00e9e de travail \u00e0 \u00e9couter les affres des \u00ab&nbsp;\u00e9corch\u00e9s de [&hellip;]\" \/>\n<meta property=\"og:url\" content=\"https:\/\/jean-claude-bourdet.fr\/index.php\/2022\/02\/01\/une-lecture-de-je-ressemble-a-une-ceremonie-de-julia-lepere-ed-le-corridor-bleu-collection-sing\/\" \/>\n<meta property=\"og:site_name\" content=\"Jean-Claude Bourdet\" \/>\n<meta property=\"article:published_time\" content=\"2022-02-01T19:57:51+00:00\" \/>\n<meta property=\"article:modified_time\" content=\"2022-02-01T19:57:52+00:00\" \/>\n<meta property=\"og:image\" content=\"https:\/\/jean-claude-bourdet.fr\/wp-content\/uploads\/2022\/02\/JR.jpg\" \/>\n\t<meta property=\"og:image:width\" content=\"1420\" \/>\n\t<meta property=\"og:image:height\" content=\"1537\" \/>\n\t<meta property=\"og:image:type\" content=\"image\/jpeg\" \/>\n<meta name=\"author\" content=\"Jean-Claude Bourdet\" \/>\n<meta name=\"twitter:card\" content=\"summary_large_image\" \/>\n<meta name=\"twitter:label1\" content=\"\u00c9crit par\" \/>\n\t<meta name=\"twitter:data1\" content=\"Jean-Claude Bourdet\" \/>\n\t<meta name=\"twitter:label2\" content=\"Dur\u00e9e de lecture estim\u00e9e\" \/>\n\t<meta name=\"twitter:data2\" content=\"2 minutes\" \/>\n<script type=\"application\/ld+json\" class=\"yoast-schema-graph\">{\"@context\":\"https:\\\/\\\/schema.org\",\"@graph\":[{\"@type\":\"Article\",\"@id\":\"https:\\\/\\\/jean-claude-bourdet.fr\\\/index.php\\\/2022\\\/02\\\/01\\\/une-lecture-de-je-ressemble-a-une-ceremonie-de-julia-lepere-ed-le-corridor-bleu-collection-sing\\\/#article\",\"isPartOf\":{\"@id\":\"https:\\\/\\\/jean-claude-bourdet.fr\\\/index.php\\\/2022\\\/02\\\/01\\\/une-lecture-de-je-ressemble-a-une-ceremonie-de-julia-lepere-ed-le-corridor-bleu-collection-sing\\\/\"},\"author\":{\"name\":\"Jean-Claude Bourdet\",\"@id\":\"https:\\\/\\\/jean-claude-bourdet.fr\\\/#\\\/schema\\\/person\\\/11164af92a68e466bbab7ed7d84f29bf\"},\"headline\":\"Une lecture de Je ressemble \u00e0 une c\u00e9r\u00e9monie de Julia Lep\u00e8re ; Ed. le corridor bleu, collection SING\",\"datePublished\":\"2022-02-01T19:57:51+00:00\",\"dateModified\":\"2022-02-01T19:57:52+00:00\",\"mainEntityOfPage\":{\"@id\":\"https:\\\/\\\/jean-claude-bourdet.fr\\\/index.php\\\/2022\\\/02\\\/01\\\/une-lecture-de-je-ressemble-a-une-ceremonie-de-julia-lepere-ed-le-corridor-bleu-collection-sing\\\/\"},\"wordCount\":467,\"publisher\":{\"@id\":\"https:\\\/\\\/jean-claude-bourdet.fr\\\/#\\\/schema\\\/person\\\/11164af92a68e466bbab7ed7d84f29bf\"},\"image\":{\"@id\":\"https:\\\/\\\/jean-claude-bourdet.fr\\\/index.php\\\/2022\\\/02\\\/01\\\/une-lecture-de-je-ressemble-a-une-ceremonie-de-julia-lepere-ed-le-corridor-bleu-collection-sing\\\/#primaryimage\"},\"thumbnailUrl\":\"https:\\\/\\\/jean-claude-bourdet.fr\\\/wp-content\\\/uploads\\\/2022\\\/02\\\/JR.jpg\",\"articleSection\":[\"Lectures\"],\"inLanguage\":\"fr-FR\"},{\"@type\":\"WebPage\",\"@id\":\"https:\\\/\\\/jean-claude-bourdet.fr\\\/index.php\\\/2022\\\/02\\\/01\\\/une-lecture-de-je-ressemble-a-une-ceremonie-de-julia-lepere-ed-le-corridor-bleu-collection-sing\\\/\",\"url\":\"https:\\\/\\\/jean-claude-bourdet.fr\\\/index.php\\\/2022\\\/02\\\/01\\\/une-lecture-de-je-ressemble-a-une-ceremonie-de-julia-lepere-ed-le-corridor-bleu-collection-sing\\\/\",\"name\":\"Une lecture de Je ressemble \u00e0 une c\u00e9r\u00e9monie de Julia Lep\u00e8re ; Ed. le corridor bleu, collection SING - Jean-Claude Bourdet\",\"isPartOf\":{\"@id\":\"https:\\\/\\\/jean-claude-bourdet.fr\\\/#website\"},\"primaryImageOfPage\":{\"@id\":\"https:\\\/\\\/jean-claude-bourdet.fr\\\/index.php\\\/2022\\\/02\\\/01\\\/une-lecture-de-je-ressemble-a-une-ceremonie-de-julia-lepere-ed-le-corridor-bleu-collection-sing\\\/#primaryimage\"},\"image\":{\"@id\":\"https:\\\/\\\/jean-claude-bourdet.fr\\\/index.php\\\/2022\\\/02\\\/01\\\/une-lecture-de-je-ressemble-a-une-ceremonie-de-julia-lepere-ed-le-corridor-bleu-collection-sing\\\/#primaryimage\"},\"thumbnailUrl\":\"https:\\\/\\\/jean-claude-bourdet.fr\\\/wp-content\\\/uploads\\\/2022\\\/02\\\/JR.jpg\",\"datePublished\":\"2022-02-01T19:57:51+00:00\",\"dateModified\":\"2022-02-01T19:57:52+00:00\",\"breadcrumb\":{\"@id\":\"https:\\\/\\\/jean-claude-bourdet.fr\\\/index.php\\\/2022\\\/02\\\/01\\\/une-lecture-de-je-ressemble-a-une-ceremonie-de-julia-lepere-ed-le-corridor-bleu-collection-sing\\\/#breadcrumb\"},\"inLanguage\":\"fr-FR\",\"potentialAction\":[{\"@type\":\"ReadAction\",\"target\":[\"https:\\\/\\\/jean-claude-bourdet.fr\\\/index.php\\\/2022\\\/02\\\/01\\\/une-lecture-de-je-ressemble-a-une-ceremonie-de-julia-lepere-ed-le-corridor-bleu-collection-sing\\\/\"]}]},{\"@type\":\"ImageObject\",\"inLanguage\":\"fr-FR\",\"@id\":\"https:\\\/\\\/jean-claude-bourdet.fr\\\/index.php\\\/2022\\\/02\\\/01\\\/une-lecture-de-je-ressemble-a-une-ceremonie-de-julia-lepere-ed-le-corridor-bleu-collection-sing\\\/#primaryimage\",\"url\":\"https:\\\/\\\/jean-claude-bourdet.fr\\\/wp-content\\\/uploads\\\/2022\\\/02\\\/JR.jpg\",\"contentUrl\":\"https:\\\/\\\/jean-claude-bourdet.fr\\\/wp-content\\\/uploads\\\/2022\\\/02\\\/JR.jpg\",\"width\":1420,\"height\":1537,\"caption\":\"Photo montage JC Bourdet\"},{\"@type\":\"BreadcrumbList\",\"@id\":\"https:\\\/\\\/jean-claude-bourdet.fr\\\/index.php\\\/2022\\\/02\\\/01\\\/une-lecture-de-je-ressemble-a-une-ceremonie-de-julia-lepere-ed-le-corridor-bleu-collection-sing\\\/#breadcrumb\",\"itemListElement\":[{\"@type\":\"ListItem\",\"position\":1,\"name\":\"Accueil\",\"item\":\"https:\\\/\\\/jean-claude-bourdet.fr\\\/\"},{\"@type\":\"ListItem\",\"position\":2,\"name\":\"Une lecture de Je ressemble \u00e0 une c\u00e9r\u00e9monie de Julia Lep\u00e8re ; Ed. le corridor bleu, collection SING\"}]},{\"@type\":\"WebSite\",\"@id\":\"https:\\\/\\\/jean-claude-bourdet.fr\\\/#website\",\"url\":\"https:\\\/\\\/jean-claude-bourdet.fr\\\/\",\"name\":\"Jean-Claude Bourdet\",\"description\":\"Site d&#039;humeur, de go\u00fbt, de plaisir d&#039;\u00e9crire de lire et de partager\",\"publisher\":{\"@id\":\"https:\\\/\\\/jean-claude-bourdet.fr\\\/#\\\/schema\\\/person\\\/11164af92a68e466bbab7ed7d84f29bf\"},\"alternateName\":\"Jean-Claude Bourdet auteur\",\"potentialAction\":[{\"@type\":\"SearchAction\",\"target\":{\"@type\":\"EntryPoint\",\"urlTemplate\":\"https:\\\/\\\/jean-claude-bourdet.fr\\\/?s={search_term_string}\"},\"query-input\":{\"@type\":\"PropertyValueSpecification\",\"valueRequired\":true,\"valueName\":\"search_term_string\"}}],\"inLanguage\":\"fr-FR\"},{\"@type\":[\"Person\",\"Organization\"],\"@id\":\"https:\\\/\\\/jean-claude-bourdet.fr\\\/#\\\/schema\\\/person\\\/11164af92a68e466bbab7ed7d84f29bf\",\"name\":\"Jean-Claude Bourdet\",\"image\":{\"@type\":\"ImageObject\",\"inLanguage\":\"fr-FR\",\"@id\":\"https:\\\/\\\/jean-claude-bourdet.fr\\\/wp-content\\\/uploads\\\/2022\\\/06\\\/capture-video-1.png\",\"url\":\"https:\\\/\\\/jean-claude-bourdet.fr\\\/wp-content\\\/uploads\\\/2022\\\/06\\\/capture-video-1.png\",\"contentUrl\":\"https:\\\/\\\/jean-claude-bourdet.fr\\\/wp-content\\\/uploads\\\/2022\\\/06\\\/capture-video-1.png\",\"width\":835,\"height\":468,\"caption\":\"Jean-Claude Bourdet\"},\"logo\":{\"@id\":\"https:\\\/\\\/jean-claude-bourdet.fr\\\/wp-content\\\/uploads\\\/2022\\\/06\\\/capture-video-1.png\"},\"url\":\"https:\\\/\\\/jean-claude-bourdet.fr\\\/index.php\\\/author\\\/jcbourdet\\\/\"}]}<\/script>\n<!-- \/ Yoast SEO plugin. -->","yoast_head_json":{"title":"Une lecture de Je ressemble \u00e0 une c\u00e9r\u00e9monie de Julia Lep\u00e8re ; Ed. le corridor bleu, collection SING - Jean-Claude Bourdet","robots":{"index":"index","follow":"follow","max-snippet":"max-snippet:-1","max-image-preview":"max-image-preview:large","max-video-preview":"max-video-preview:-1"},"canonical":"https:\/\/jean-claude-bourdet.fr\/index.php\/2022\/02\/01\/une-lecture-de-je-ressemble-a-une-ceremonie-de-julia-lepere-ed-le-corridor-bleu-collection-sing\/","og_locale":"fr_FR","og_type":"article","og_title":"Une lecture de Je ressemble \u00e0 une c\u00e9r\u00e9monie de Julia Lep\u00e8re ; Ed. le corridor bleu, collection SING - Jean-Claude Bourdet","og_description":"&nbsp; Librement inspir\u00e9 de&nbsp;:&nbsp;&nbsp;&nbsp;&nbsp;&nbsp;&nbsp;&nbsp;&nbsp;&nbsp;&nbsp;&nbsp;&nbsp;&nbsp;&nbsp;&nbsp;&nbsp;&nbsp;&nbsp;&nbsp;&nbsp;&nbsp;&nbsp;&nbsp;&nbsp;&nbsp;&nbsp;&nbsp;&nbsp;&nbsp;&nbsp;&nbsp;&nbsp;&nbsp;&nbsp;&nbsp;&nbsp;&nbsp;&nbsp;&nbsp;&nbsp;&nbsp;&nbsp;&nbsp;&nbsp;&nbsp;&nbsp;&nbsp;&nbsp;&nbsp;&nbsp;&nbsp;&nbsp;&nbsp;&nbsp;&nbsp;&nbsp;&nbsp;&nbsp;&nbsp;&nbsp;&nbsp;&nbsp;&nbsp;&nbsp;&nbsp;&nbsp; Je ressemble \u00e0 une c\u00e9r\u00e9monie De Julia Lep\u00e8re Collection S&nbsp;!NG, Le Corridor Bleu. &nbsp;La poste a, il y a deux jours d\u00e9pos\u00e9 mon premier num\u00e9ro de Catastrophe en compagnie d\u2019un livre blanc au titre \u00e9crit en parme. Hier soir, apr\u00e8s une journ\u00e9e de travail \u00e0 \u00e9couter les affres des \u00ab&nbsp;\u00e9corch\u00e9s de [&hellip;]","og_url":"https:\/\/jean-claude-bourdet.fr\/index.php\/2022\/02\/01\/une-lecture-de-je-ressemble-a-une-ceremonie-de-julia-lepere-ed-le-corridor-bleu-collection-sing\/","og_site_name":"Jean-Claude Bourdet","article_published_time":"2022-02-01T19:57:51+00:00","article_modified_time":"2022-02-01T19:57:52+00:00","og_image":[{"width":1420,"height":1537,"url":"https:\/\/jean-claude-bourdet.fr\/wp-content\/uploads\/2022\/02\/JR.jpg","type":"image\/jpeg"}],"author":"Jean-Claude Bourdet","twitter_card":"summary_large_image","twitter_misc":{"\u00c9crit par":"Jean-Claude Bourdet","Dur\u00e9e de lecture estim\u00e9e":"2 minutes"},"schema":{"@context":"https:\/\/schema.org","@graph":[{"@type":"Article","@id":"https:\/\/jean-claude-bourdet.fr\/index.php\/2022\/02\/01\/une-lecture-de-je-ressemble-a-une-ceremonie-de-julia-lepere-ed-le-corridor-bleu-collection-sing\/#article","isPartOf":{"@id":"https:\/\/jean-claude-bourdet.fr\/index.php\/2022\/02\/01\/une-lecture-de-je-ressemble-a-une-ceremonie-de-julia-lepere-ed-le-corridor-bleu-collection-sing\/"},"author":{"name":"Jean-Claude Bourdet","@id":"https:\/\/jean-claude-bourdet.fr\/#\/schema\/person\/11164af92a68e466bbab7ed7d84f29bf"},"headline":"Une lecture de Je ressemble \u00e0 une c\u00e9r\u00e9monie de Julia Lep\u00e8re ; Ed. le corridor bleu, collection SING","datePublished":"2022-02-01T19:57:51+00:00","dateModified":"2022-02-01T19:57:52+00:00","mainEntityOfPage":{"@id":"https:\/\/jean-claude-bourdet.fr\/index.php\/2022\/02\/01\/une-lecture-de-je-ressemble-a-une-ceremonie-de-julia-lepere-ed-le-corridor-bleu-collection-sing\/"},"wordCount":467,"publisher":{"@id":"https:\/\/jean-claude-bourdet.fr\/#\/schema\/person\/11164af92a68e466bbab7ed7d84f29bf"},"image":{"@id":"https:\/\/jean-claude-bourdet.fr\/index.php\/2022\/02\/01\/une-lecture-de-je-ressemble-a-une-ceremonie-de-julia-lepere-ed-le-corridor-bleu-collection-sing\/#primaryimage"},"thumbnailUrl":"https:\/\/jean-claude-bourdet.fr\/wp-content\/uploads\/2022\/02\/JR.jpg","articleSection":["Lectures"],"inLanguage":"fr-FR"},{"@type":"WebPage","@id":"https:\/\/jean-claude-bourdet.fr\/index.php\/2022\/02\/01\/une-lecture-de-je-ressemble-a-une-ceremonie-de-julia-lepere-ed-le-corridor-bleu-collection-sing\/","url":"https:\/\/jean-claude-bourdet.fr\/index.php\/2022\/02\/01\/une-lecture-de-je-ressemble-a-une-ceremonie-de-julia-lepere-ed-le-corridor-bleu-collection-sing\/","name":"Une lecture de Je ressemble \u00e0 une c\u00e9r\u00e9monie de Julia Lep\u00e8re ; Ed. le corridor bleu, collection SING - Jean-Claude Bourdet","isPartOf":{"@id":"https:\/\/jean-claude-bourdet.fr\/#website"},"primaryImageOfPage":{"@id":"https:\/\/jean-claude-bourdet.fr\/index.php\/2022\/02\/01\/une-lecture-de-je-ressemble-a-une-ceremonie-de-julia-lepere-ed-le-corridor-bleu-collection-sing\/#primaryimage"},"image":{"@id":"https:\/\/jean-claude-bourdet.fr\/index.php\/2022\/02\/01\/une-lecture-de-je-ressemble-a-une-ceremonie-de-julia-lepere-ed-le-corridor-bleu-collection-sing\/#primaryimage"},"thumbnailUrl":"https:\/\/jean-claude-bourdet.fr\/wp-content\/uploads\/2022\/02\/JR.jpg","datePublished":"2022-02-01T19:57:51+00:00","dateModified":"2022-02-01T19:57:52+00:00","breadcrumb":{"@id":"https:\/\/jean-claude-bourdet.fr\/index.php\/2022\/02\/01\/une-lecture-de-je-ressemble-a-une-ceremonie-de-julia-lepere-ed-le-corridor-bleu-collection-sing\/#breadcrumb"},"inLanguage":"fr-FR","potentialAction":[{"@type":"ReadAction","target":["https:\/\/jean-claude-bourdet.fr\/index.php\/2022\/02\/01\/une-lecture-de-je-ressemble-a-une-ceremonie-de-julia-lepere-ed-le-corridor-bleu-collection-sing\/"]}]},{"@type":"ImageObject","inLanguage":"fr-FR","@id":"https:\/\/jean-claude-bourdet.fr\/index.php\/2022\/02\/01\/une-lecture-de-je-ressemble-a-une-ceremonie-de-julia-lepere-ed-le-corridor-bleu-collection-sing\/#primaryimage","url":"https:\/\/jean-claude-bourdet.fr\/wp-content\/uploads\/2022\/02\/JR.jpg","contentUrl":"https:\/\/jean-claude-bourdet.fr\/wp-content\/uploads\/2022\/02\/JR.jpg","width":1420,"height":1537,"caption":"Photo montage JC Bourdet"},{"@type":"BreadcrumbList","@id":"https:\/\/jean-claude-bourdet.fr\/index.php\/2022\/02\/01\/une-lecture-de-je-ressemble-a-une-ceremonie-de-julia-lepere-ed-le-corridor-bleu-collection-sing\/#breadcrumb","itemListElement":[{"@type":"ListItem","position":1,"name":"Accueil","item":"https:\/\/jean-claude-bourdet.fr\/"},{"@type":"ListItem","position":2,"name":"Une lecture de Je ressemble \u00e0 une c\u00e9r\u00e9monie de Julia Lep\u00e8re ; Ed. le corridor bleu, collection SING"}]},{"@type":"WebSite","@id":"https:\/\/jean-claude-bourdet.fr\/#website","url":"https:\/\/jean-claude-bourdet.fr\/","name":"Jean-Claude Bourdet","description":"Site d&#039;humeur, de go\u00fbt, de plaisir d&#039;\u00e9crire de lire et de partager","publisher":{"@id":"https:\/\/jean-claude-bourdet.fr\/#\/schema\/person\/11164af92a68e466bbab7ed7d84f29bf"},"alternateName":"Jean-Claude Bourdet auteur","potentialAction":[{"@type":"SearchAction","target":{"@type":"EntryPoint","urlTemplate":"https:\/\/jean-claude-bourdet.fr\/?s={search_term_string}"},"query-input":{"@type":"PropertyValueSpecification","valueRequired":true,"valueName":"search_term_string"}}],"inLanguage":"fr-FR"},{"@type":["Person","Organization"],"@id":"https:\/\/jean-claude-bourdet.fr\/#\/schema\/person\/11164af92a68e466bbab7ed7d84f29bf","name":"Jean-Claude Bourdet","image":{"@type":"ImageObject","inLanguage":"fr-FR","@id":"https:\/\/jean-claude-bourdet.fr\/wp-content\/uploads\/2022\/06\/capture-video-1.png","url":"https:\/\/jean-claude-bourdet.fr\/wp-content\/uploads\/2022\/06\/capture-video-1.png","contentUrl":"https:\/\/jean-claude-bourdet.fr\/wp-content\/uploads\/2022\/06\/capture-video-1.png","width":835,"height":468,"caption":"Jean-Claude Bourdet"},"logo":{"@id":"https:\/\/jean-claude-bourdet.fr\/wp-content\/uploads\/2022\/06\/capture-video-1.png"},"url":"https:\/\/jean-claude-bourdet.fr\/index.php\/author\/jcbourdet\/"}]}},"_links":{"self":[{"href":"https:\/\/jean-claude-bourdet.fr\/index.php\/wp-json\/wp\/v2\/posts\/1327","targetHints":{"allow":["GET"]}}],"collection":[{"href":"https:\/\/jean-claude-bourdet.fr\/index.php\/wp-json\/wp\/v2\/posts"}],"about":[{"href":"https:\/\/jean-claude-bourdet.fr\/index.php\/wp-json\/wp\/v2\/types\/post"}],"author":[{"embeddable":true,"href":"https:\/\/jean-claude-bourdet.fr\/index.php\/wp-json\/wp\/v2\/users\/3"}],"replies":[{"embeddable":true,"href":"https:\/\/jean-claude-bourdet.fr\/index.php\/wp-json\/wp\/v2\/comments?post=1327"}],"version-history":[{"count":1,"href":"https:\/\/jean-claude-bourdet.fr\/index.php\/wp-json\/wp\/v2\/posts\/1327\/revisions"}],"predecessor-version":[{"id":1329,"href":"https:\/\/jean-claude-bourdet.fr\/index.php\/wp-json\/wp\/v2\/posts\/1327\/revisions\/1329"}],"wp:featuredmedia":[{"embeddable":true,"href":"https:\/\/jean-claude-bourdet.fr\/index.php\/wp-json\/wp\/v2\/media\/1328"}],"wp:attachment":[{"href":"https:\/\/jean-claude-bourdet.fr\/index.php\/wp-json\/wp\/v2\/media?parent=1327"}],"wp:term":[{"taxonomy":"category","embeddable":true,"href":"https:\/\/jean-claude-bourdet.fr\/index.php\/wp-json\/wp\/v2\/categories?post=1327"},{"taxonomy":"post_tag","embeddable":true,"href":"https:\/\/jean-claude-bourdet.fr\/index.php\/wp-json\/wp\/v2\/tags?post=1327"}],"curies":[{"name":"wp","href":"https:\/\/api.w.org\/{rel}","templated":true}]}}